{"id":21384,"date":"2022-09-28T14:52:19","date_gmt":"2022-09-28T14:52:19","guid":{"rendered":"https:\/\/neutrale.al\/?p=21384"},"modified":"2022-09-28T15:08:29","modified_gmt":"2022-09-28T15:08:29","slug":"greqi-vodhi-kater-dhi-shqiptari-denohet-8-vite-burg-dhe-3-500-euro-gjobe","status":"publish","type":"post","link":"https:\/\/neutrale.al\/index.php\/2022\/09\/28\/greqi-vodhi-kater-dhi-shqiptari-denohet-8-vite-burg-dhe-3-500-euro-gjobe\/","title":{"rendered":"GREQI \/ VODHI KAT\u00cbR DHI, SHQIPTARI D\u00cbNOHET 8 VITE BURG DHE 3.500 EURO GJOB\u00cb"},"content":{"rendered":"<p>Shkruar nga Shpetim Zinxhiria<\/p>\n<p>Nj\u00eb shqiptar 35-vje\u00e7ar \u00ebsht\u00eb d\u00ebnuar me 8 vite burg dhe 3 mij\u00eb e 500 euro gjob\u00eb nga Gjykata e Apelit t\u00eb Dodekanezi, i cili akuzohet p\u00ebr vjedhje kafsh\u00ebsh, therrje t\u00eb kafsh\u00ebsh, vjedhje dhe hyrja e paligjshme n\u00eb Greqi<\/p>\n<p>S\u00eb bashku me bashkatdhetarin e tij 43-vje\u00e7ar u shpall\u00ebn fajtor\u00eb n\u00eb n\u00ebntor 2016 nga Gjykata Trean\u00ebtar\u00ebshe e Apelit p\u00ebr Krimet e Dodekanezit p\u00ebr vjedhjen e kat\u00ebr dhive nga stalla e nj\u00eb blegtori nga Ialyssos, pasi i theri n\u00eb vend, i ngarkoi n\u00eb makin\u00ebn e tyre dhe u largua.<\/p>\n<p>Dy shqiptar\u00ebt nuk ishin paraqitur para gjykat\u00ebs, por ishin shpallur fajtor\u00eb, n\u00eb munges\u00eb, p\u00ebr vrasjen e kat\u00ebr dhive, vjedhjen e tyre dhe ishin d\u00ebnuar me 10 vjet burg dhe 7.000 euro gjob\u00eb, pa ankes\u00eb. efekt, p\u00ebr secilin. Mediat vendase raportojn\u00eb gjithashtu se 43 -vje\u00e7ari \u00ebsht\u00eb i paligjsh\u00ebm n\u00eb Greqi.<\/p>\n","protected":false},"excerpt":{"rendered":"<p>Shkruar nga Shpetim Zinxhiria Nj\u00eb shqiptar 35-vje\u00e7ar \u00ebsht\u00eb d\u00ebnuar me 8 vite burg dhe 3 mij\u00eb e 500 euro gjob\u00eb nga Gjykata e Apelit t\u00eb Dodekanezi, i cili akuzohet p\u00ebr vjedhje kafsh\u00ebsh, therrje t\u00eb kafsh\u00ebsh, vjedhje dhe hyrja e paligjshme n\u00eb Greqi S\u00eb bashku me bashkatdhetarin e tij 43-vje\u00e7ar u shpall\u00ebn fajtor\u00eb n\u00eb n\u00ebntor 2016 [&hellip;]<\/p>\n","protected":false},"author":2,"featured_media":21385,"comment_status":"open","ping_status":"open","sticky":false,"template":"","format":"standard","meta":{"footnotes":""},"categories":[6],"tags":[27],"class_list":{"0":"post-21384","1":"post","2":"type-post","3":"status-publish","4":"format-standard","5":"has-post-thumbnail","7":"category-rajoni","8":"tag-lajme"},"_links":{"self":[{"href":"https:\/\/neutrale.al\/index.php\/wp-json\/wp\/v2\/posts\/21384","targetHints":{"allow":["GET"]}}],"collection":[{"href":"https:\/\/neutrale.al\/index.php\/wp-json\/wp\/v2\/posts"}],"about":[{"href":"https:\/\/neutrale.al\/index.php\/wp-json\/wp\/v2\/types\/post"}],"author":[{"embeddable":true,"href":"https:\/\/neutrale.al\/index.php\/wp-json\/wp\/v2\/users\/2"}],"replies":[{"embeddable":true,"href":"https:\/\/neutrale.al\/index.php\/wp-json\/wp\/v2\/comments?post=21384"}],"version-history":[{"count":2,"href":"https:\/\/neutrale.al\/index.php\/wp-json\/wp\/v2\/posts\/21384\/revisions"}],"predecessor-version":[{"id":21388,"href":"https:\/\/neutrale.al\/index.php\/wp-json\/wp\/v2\/posts\/21384\/revisions\/21388"}],"wp:featuredmedia":[{"embeddable":true,"href":"https:\/\/neutrale.al\/index.php\/wp-json\/wp\/v2\/media\/21385"}],"wp:attachment":[{"href":"https:\/\/neutrale.al\/index.php\/wp-json\/wp\/v2\/media?parent=21384"}],"wp:term":[{"taxonomy":"category","embeddable":true,"href":"https:\/\/neutrale.al\/index.php\/wp-json\/wp\/v2\/categories?post=21384"},{"taxonomy":"post_tag","embeddable":true,"href":"https:\/\/neutrale.al\/index.php\/wp-json\/wp\/v2\/tags?post=21384"}],"curies":[{"name":"wp","href":"https:\/\/api.w.org\/{rel}","templated":true}]}}