{"id":21363,"date":"2022-09-28T12:48:55","date_gmt":"2022-09-28T12:48:55","guid":{"rendered":"https:\/\/neutrale.al\/?p=21363"},"modified":"2022-09-28T12:48:55","modified_gmt":"2022-09-28T12:48:55","slug":"edi-rama-sfidon-putin-ruset-qe-nuk-duan-te-luftojne-le-te-vijne-ne-shqiperi","status":"publish","type":"post","link":"https:\/\/neutrale.al\/index.php\/2022\/09\/28\/edi-rama-sfidon-putin-ruset-qe-nuk-duan-te-luftojne-le-te-vijne-ne-shqiperi\/","title":{"rendered":"Edi Rama sfidon Putin : Rus\u00ebt q\u00eb nuk duan t\u00eb luftojn\u00eb le t\u00eb vijn\u00eb n\u00eb Shqip\u00ebri"},"content":{"rendered":"<p>I pyetur nga gazetar\u00ebt p\u00ebr situat\u00ebn n\u00eb Rusi kryeministri Rama ka deklaruar se ata rus\u00eb q\u00eb largohen nga vendi i tyre jan\u00eb t\u00eb mir\u00ebpritur n\u00eb Shqip\u00ebri.<\/p>\n<p>Gazetarja: Kryeminist\u00ebr, \u00ebsht\u00eb i njohur q\u00ebndrimi juaj ndaj agresionit rus n\u00eb Ukrain\u00eb, por cili do t\u00eb jet\u00eb q\u00ebndrimi politik i Shqip\u00ebris\u00eb kur ju t\u00eb p\u00ebrballeni me k\u00ebrkes\u00eb nga shtetasit rus q\u00eb braktisin vendin e tyre p\u00ebr t\u00eb mos iu bashkuar luft\u00ebn?<\/p>\n<p>Rama: Jan\u00eb t\u00eb mir\u00ebseardhur.<\/p>\n","protected":false},"excerpt":{"rendered":"<p>I pyetur nga gazetar\u00ebt p\u00ebr situat\u00ebn n\u00eb Rusi kryeministri Rama ka deklaruar se ata rus\u00eb q\u00eb largohen nga vendi i tyre jan\u00eb t\u00eb mir\u00ebpritur n\u00eb Shqip\u00ebri. Gazetarja: Kryeminist\u00ebr, \u00ebsht\u00eb i njohur q\u00ebndrimi juaj ndaj agresionit rus n\u00eb Ukrain\u00eb, por cili do t\u00eb jet\u00eb q\u00ebndrimi politik i Shqip\u00ebris\u00eb kur ju t\u00eb p\u00ebrballeni me k\u00ebrkes\u00eb nga shtetasit [&hellip;]<\/p>\n","protected":false},"author":2,"featured_media":21364,"comment_status":"open","ping_status":"open","sticky":false,"template":"","format":"standard","meta":{"footnotes":""},"categories":[9],"tags":[27],"class_list":{"0":"post-21363","1":"post","2":"type-post","3":"status-publish","4":"format-standard","5":"has-post-thumbnail","7":"category-politika","8":"tag-lajme"},"_links":{"self":[{"href":"https:\/\/neutrale.al\/index.php\/wp-json\/wp\/v2\/posts\/21363","targetHints":{"allow":["GET"]}}],"collection":[{"href":"https:\/\/neutrale.al\/index.php\/wp-json\/wp\/v2\/posts"}],"about":[{"href":"https:\/\/neutrale.al\/index.php\/wp-json\/wp\/v2\/types\/post"}],"author":[{"embeddable":true,"href":"https:\/\/neutrale.al\/index.php\/wp-json\/wp\/v2\/users\/2"}],"replies":[{"embeddable":true,"href":"https:\/\/neutrale.al\/index.php\/wp-json\/wp\/v2\/comments?post=21363"}],"version-history":[{"count":1,"href":"https:\/\/neutrale.al\/index.php\/wp-json\/wp\/v2\/posts\/21363\/revisions"}],"predecessor-version":[{"id":21365,"href":"https:\/\/neutrale.al\/index.php\/wp-json\/wp\/v2\/posts\/21363\/revisions\/21365"}],"wp:featuredmedia":[{"embeddable":true,"href":"https:\/\/neutrale.al\/index.php\/wp-json\/wp\/v2\/media\/21364"}],"wp:attachment":[{"href":"https:\/\/neutrale.al\/index.php\/wp-json\/wp\/v2\/media?parent=21363"}],"wp:term":[{"taxonomy":"category","embeddable":true,"href":"https:\/\/neutrale.al\/index.php\/wp-json\/wp\/v2\/categories?post=21363"},{"taxonomy":"post_tag","embeddable":true,"href":"https:\/\/neutrale.al\/index.php\/wp-json\/wp\/v2\/tags?post=21363"}],"curies":[{"name":"wp","href":"https:\/\/api.w.org\/{rel}","templated":true}]}}