{"id":21272,"date":"2022-09-27T18:12:49","date_gmt":"2022-09-27T18:12:49","guid":{"rendered":"https:\/\/neutrale.al\/?p=21272"},"modified":"2022-09-27T18:12:49","modified_gmt":"2022-09-27T18:12:49","slug":"partia-socialiste-nuk-do-praktikoi-primaret-per-kandidatet-e-bashkive-rama-jo-faleminderit","status":"publish","type":"post","link":"https:\/\/neutrale.al\/index.php\/2022\/09\/27\/partia-socialiste-nuk-do-praktikoi-primaret-per-kandidatet-e-bashkive-rama-jo-faleminderit\/","title":{"rendered":"Partia Socialiste nuk do praktikoi primaret p\u00ebr  kandidat\u00ebt e bashkive. Rama: Jo, faleminderit !"},"content":{"rendered":"<p>N\u00eb  prononcimin p\u00ebr mediat pas mbledhjes s\u00eb kryesis\u00eb, kryeministri Edi Rama, i pyetur<br \/>\nn\u00ebse edhe n\u00eb PS, sikurse te opozita, do t\u00eb ket\u00eb primare p\u00ebr p\u00ebrzgjedhjen e kandidat\u00ebve p\u00ebr zgjedhjet lokale, ai \u00ebsht\u00eb mjaftuar me &#8220;Jo, faleminderit&#8221;<\/p>\n<p>Pyetje:\u00a0Si do b\u00ebhet p\u00ebrzgjedhja e kryetar\u00ebve t\u00eb bashkive do b\u00ebhen primare?<\/p>\n<p>Rama:\u00a0Jo faleminderit!<\/p>\n","protected":false},"excerpt":{"rendered":"<p>N\u00eb prononcimin p\u00ebr mediat pas mbledhjes s\u00eb kryesis\u00eb, kryeministri Edi Rama, i pyetur n\u00ebse edhe n\u00eb PS, sikurse te opozita, do t\u00eb ket\u00eb primare p\u00ebr p\u00ebrzgjedhjen e kandidat\u00ebve p\u00ebr zgjedhjet lokale, ai \u00ebsht\u00eb mjaftuar me &#8220;Jo, faleminderit&#8221; Pyetje:\u00a0Si do b\u00ebhet p\u00ebrzgjedhja e kryetar\u00ebve t\u00eb bashkive do b\u00ebhen primare? Rama:\u00a0Jo faleminderit!<\/p>\n","protected":false},"author":2,"featured_media":21273,"comment_status":"open","ping_status":"open","sticky":false,"template":"","format":"standard","meta":{"footnotes":""},"categories":[118,9],"tags":[],"class_list":{"0":"post-21272","1":"post","2":"type-post","3":"status-publish","4":"format-standard","5":"has-post-thumbnail","7":"category-kryesore","8":"category-politika"},"_links":{"self":[{"href":"https:\/\/neutrale.al\/index.php\/wp-json\/wp\/v2\/posts\/21272","targetHints":{"allow":["GET"]}}],"collection":[{"href":"https:\/\/neutrale.al\/index.php\/wp-json\/wp\/v2\/posts"}],"about":[{"href":"https:\/\/neutrale.al\/index.php\/wp-json\/wp\/v2\/types\/post"}],"author":[{"embeddable":true,"href":"https:\/\/neutrale.al\/index.php\/wp-json\/wp\/v2\/users\/2"}],"replies":[{"embeddable":true,"href":"https:\/\/neutrale.al\/index.php\/wp-json\/wp\/v2\/comments?post=21272"}],"version-history":[{"count":1,"href":"https:\/\/neutrale.al\/index.php\/wp-json\/wp\/v2\/posts\/21272\/revisions"}],"predecessor-version":[{"id":21274,"href":"https:\/\/neutrale.al\/index.php\/wp-json\/wp\/v2\/posts\/21272\/revisions\/21274"}],"wp:featuredmedia":[{"embeddable":true,"href":"https:\/\/neutrale.al\/index.php\/wp-json\/wp\/v2\/media\/21273"}],"wp:attachment":[{"href":"https:\/\/neutrale.al\/index.php\/wp-json\/wp\/v2\/media?parent=21272"}],"wp:term":[{"taxonomy":"category","embeddable":true,"href":"https:\/\/neutrale.al\/index.php\/wp-json\/wp\/v2\/categories?post=21272"},{"taxonomy":"post_tag","embeddable":true,"href":"https:\/\/neutrale.al\/index.php\/wp-json\/wp\/v2\/tags?post=21272"}],"curies":[{"name":"wp","href":"https:\/\/api.w.org\/{rel}","templated":true}]}}