{"id":21243,"date":"2022-09-27T13:24:01","date_gmt":"2022-09-27T13:24:01","guid":{"rendered":"https:\/\/neutrale.al\/?p=21243"},"modified":"2022-09-27T13:24:01","modified_gmt":"2022-09-27T13:24:01","slug":"rama-takon-ambasadorin-indonezian-do-thellojme-kete-bashkepunim-shume-te-rendesishem","status":"publish","type":"post","link":"https:\/\/neutrale.al\/index.php\/2022\/09\/27\/rama-takon-ambasadorin-indonezian-do-thellojme-kete-bashkepunim-shume-te-rendesishem\/","title":{"rendered":"Rama takon ambasadorin indonezian , \u201cdo thellojm\u00eb k\u00ebt\u00eb bashk\u00ebpunim shum\u00eb t\u00eb r\u00ebnd\u00ebsish\u00ebm\u201d"},"content":{"rendered":"<p>Kryeministri Edi Rama ka zhvilluar nj\u00eb takim ambasadorin e Indonezis\u00eb n\u00eb Shqip\u00ebri, Iwan Bogananta.<\/p>\n<p>Kryeministri Rama dhe ambasadori diskutuan nj\u00eb s\u00ebr\u00eb axhendash t\u00eb r\u00ebnd\u00ebsishme, ve\u00e7an\u00ebrisht tregtin\u00eb, turizmin dhe investimet.<\/p>\n<p>\u201cKa nj\u00eb plan p\u00ebr t\u00eb n\u00ebnshkruar nj\u00eb investim n\u00eb sektorin e energjis\u00eb s\u00eb rinovueshme ose t\u00eb energjis\u00eb s\u00eb gjelb\u00ebr nga nj\u00eb kompani indoneziane n\u00eb Tiran\u00eb, Shqip\u00ebri,\u201d shpjegoi ambasadori n\u00eb takimin me Ram\u00ebn.<\/p>\n<p>Ai shpjegoi se ky investim \u00ebsht\u00eb nj\u00eb investim i jasht\u00ebm i kompanive indoneziane me q\u00ebllim t\u00eb hapjes s\u00eb hap\u00ebsir\u00ebs dhe mund\u00ebsive t\u00eb reja p\u00ebr tregun indonezian n\u00eb Ballkan dhe si nj\u00eb form\u00eb e zhvillimit ekonomik n\u00eb vend.<\/p>\n<p>Rama p\u00ebrsh\u00ebndeti dhe fal\u00ebnderoi ambasadorin e Indonezis\u00eb p\u00ebr vizit\u00ebn, teksa \u00ebsht\u00eb shprehur se Shqip\u00ebria mb\u00ebshtet planet e bashk\u00ebpunimit dypal\u00ebsh.<\/p>\n<p>\u201cShqip\u00ebria do t\u00eb vazhdoj\u00eb t\u00eb mb\u00ebshtes\u00eb planet e bashk\u00ebpunimit dypal\u00ebsh me Indonezin\u00eb n\u00eb t\u00eb ardhmen, ve\u00e7an\u00ebrisht n\u00eb sektor\u00ebt e tregtis\u00eb, turizmit dhe investimeve,\u201d tha ai.<\/p>\n","protected":false},"excerpt":{"rendered":"<p>Kryeministri Edi Rama ka zhvilluar nj\u00eb takim ambasadorin e Indonezis\u00eb n\u00eb Shqip\u00ebri, Iwan Bogananta. Kryeministri Rama dhe ambasadori diskutuan nj\u00eb s\u00ebr\u00eb axhendash t\u00eb r\u00ebnd\u00ebsishme, ve\u00e7an\u00ebrisht tregtin\u00eb, turizmin dhe investimet. \u201cKa nj\u00eb plan p\u00ebr t\u00eb n\u00ebnshkruar nj\u00eb investim n\u00eb sektorin e energjis\u00eb s\u00eb rinovueshme ose t\u00eb energjis\u00eb s\u00eb gjelb\u00ebr nga nj\u00eb kompani indoneziane n\u00eb Tiran\u00eb, Shqip\u00ebri,\u201d [&hellip;]<\/p>\n","protected":false},"author":2,"featured_media":21244,"comment_status":"open","ping_status":"open","sticky":false,"template":"","format":"standard","meta":{"footnotes":""},"categories":[9],"tags":[27],"class_list":{"0":"post-21243","1":"post","2":"type-post","3":"status-publish","4":"format-standard","5":"has-post-thumbnail","7":"category-politika","8":"tag-lajme"},"_links":{"self":[{"href":"https:\/\/neutrale.al\/index.php\/wp-json\/wp\/v2\/posts\/21243","targetHints":{"allow":["GET"]}}],"collection":[{"href":"https:\/\/neutrale.al\/index.php\/wp-json\/wp\/v2\/posts"}],"about":[{"href":"https:\/\/neutrale.al\/index.php\/wp-json\/wp\/v2\/types\/post"}],"author":[{"embeddable":true,"href":"https:\/\/neutrale.al\/index.php\/wp-json\/wp\/v2\/users\/2"}],"replies":[{"embeddable":true,"href":"https:\/\/neutrale.al\/index.php\/wp-json\/wp\/v2\/comments?post=21243"}],"version-history":[{"count":1,"href":"https:\/\/neutrale.al\/index.php\/wp-json\/wp\/v2\/posts\/21243\/revisions"}],"predecessor-version":[{"id":21245,"href":"https:\/\/neutrale.al\/index.php\/wp-json\/wp\/v2\/posts\/21243\/revisions\/21245"}],"wp:featuredmedia":[{"embeddable":true,"href":"https:\/\/neutrale.al\/index.php\/wp-json\/wp\/v2\/media\/21244"}],"wp:attachment":[{"href":"https:\/\/neutrale.al\/index.php\/wp-json\/wp\/v2\/media?parent=21243"}],"wp:term":[{"taxonomy":"category","embeddable":true,"href":"https:\/\/neutrale.al\/index.php\/wp-json\/wp\/v2\/categories?post=21243"},{"taxonomy":"post_tag","embeddable":true,"href":"https:\/\/neutrale.al\/index.php\/wp-json\/wp\/v2\/tags?post=21243"}],"curies":[{"name":"wp","href":"https:\/\/api.w.org\/{rel}","templated":true}]}}