{"id":21240,"date":"2022-09-27T13:05:12","date_gmt":"2022-09-27T13:05:12","guid":{"rendered":"https:\/\/neutrale.al\/?p=21240"},"modified":"2022-09-27T13:05:12","modified_gmt":"2022-09-27T13:05:12","slug":"zgjedhjet-lokale-ilir-meta-kemi-ambicie-te-forta-do-bashkpunojme-me-pd-per-te-zgjedhur-kandidatet-me-te-mire","status":"publish","type":"post","link":"https:\/\/neutrale.al\/index.php\/2022\/09\/27\/zgjedhjet-lokale-ilir-meta-kemi-ambicie-te-forta-do-bashkpunojme-me-pd-per-te-zgjedhur-kandidatet-me-te-mire\/","title":{"rendered":"Zgjedhjet lokale\/Ilir Meta : Kemi ambicie t\u00eb forta , do bashkpunojm\u00eb me PD p\u00ebr t\u00eb zgjedhur kandidat\u00ebt m\u00eb t\u00eb mir\u00eb"},"content":{"rendered":"<p>Deklarata e Met\u00ebs :<\/p>\n<p>\u201cN\u00eb lidhje me zgjedhjet ne kemi nisur p\u00ebrgatitjet. Kemi ambicie shum\u00eb t\u00eb forta p\u00ebr zgjedhjet q\u00eb po afrojn\u00eb. Ku padyshim \u00ebsht\u00eb fitorja. Do ndahet nga nj\u00eb regjim nj\u00eb patriak, ku vet\u00ebm Shkodra arriti t\u00eb shp\u00ebtonte aksidentalisht. K\u00ebto kat\u00ebr vite t\u00eb nj\u00eb keqqeverisjee kan\u00eb qen\u00eb t\u00eb maftushme p\u00ebr ti dh\u00ebn\u00eb nd\u00ebshkimin e merituar.<\/p>\n<p>Fitorja e opozit\u00ebs \u00ebsht\u00eb objektivi yn\u00eb. Dhe n\u00eb ket\u00eb fakt ne jemi t\u00eb hapur p\u00ebr t\u00eb bashk\u00ebpunuar me PD dhe p\u00ebr t\u00eb zgjedhur kandidat\u00ebt m\u00eb t\u00eb mir\u00eb.<br \/>\nN\u00eb m\u00ebnyr\u00eb t\u00eb padiskutuehme e kam th\u00ebn\u00eb dhe m\u00eb p\u00ebrpara q\u00eb idea \u00ebsht\u00eb fitorja e opozit\u00ebs dhe rivendsje e demokracis\u00eb. Po opozita do dal\u00eb n\u00eb t\u00eb gjith\u00eb Shqip\u00ebrin\u00eb bashk\u00eb me kandidat\u00eb t\u00eb p\u00ebrbashk\u00ebt dhe kjo \u00ebsht\u00eb m\u00eb e mira p\u00ebr situat\u00ebn\u201d  <\/p>\n","protected":false},"excerpt":{"rendered":"<p>Deklarata e Met\u00ebs : \u201cN\u00eb lidhje me zgjedhjet ne kemi nisur p\u00ebrgatitjet. Kemi ambicie shum\u00eb t\u00eb forta p\u00ebr zgjedhjet q\u00eb po afrojn\u00eb. Ku padyshim \u00ebsht\u00eb fitorja. Do ndahet nga nj\u00eb regjim nj\u00eb patriak, ku vet\u00ebm Shkodra arriti t\u00eb shp\u00ebtonte aksidentalisht. K\u00ebto kat\u00ebr vite t\u00eb nj\u00eb keqqeverisjee kan\u00eb qen\u00eb t\u00eb maftushme p\u00ebr ti dh\u00ebn\u00eb nd\u00ebshkimin e [&hellip;]<\/p>\n","protected":false},"author":2,"featured_media":21241,"comment_status":"open","ping_status":"open","sticky":false,"template":"","format":"standard","meta":{"footnotes":""},"categories":[118,9],"tags":[],"class_list":{"0":"post-21240","1":"post","2":"type-post","3":"status-publish","4":"format-standard","5":"has-post-thumbnail","7":"category-kryesore","8":"category-politika"},"_links":{"self":[{"href":"https:\/\/neutrale.al\/index.php\/wp-json\/wp\/v2\/posts\/21240","targetHints":{"allow":["GET"]}}],"collection":[{"href":"https:\/\/neutrale.al\/index.php\/wp-json\/wp\/v2\/posts"}],"about":[{"href":"https:\/\/neutrale.al\/index.php\/wp-json\/wp\/v2\/types\/post"}],"author":[{"embeddable":true,"href":"https:\/\/neutrale.al\/index.php\/wp-json\/wp\/v2\/users\/2"}],"replies":[{"embeddable":true,"href":"https:\/\/neutrale.al\/index.php\/wp-json\/wp\/v2\/comments?post=21240"}],"version-history":[{"count":1,"href":"https:\/\/neutrale.al\/index.php\/wp-json\/wp\/v2\/posts\/21240\/revisions"}],"predecessor-version":[{"id":21242,"href":"https:\/\/neutrale.al\/index.php\/wp-json\/wp\/v2\/posts\/21240\/revisions\/21242"}],"wp:featuredmedia":[{"embeddable":true,"href":"https:\/\/neutrale.al\/index.php\/wp-json\/wp\/v2\/media\/21241"}],"wp:attachment":[{"href":"https:\/\/neutrale.al\/index.php\/wp-json\/wp\/v2\/media?parent=21240"}],"wp:term":[{"taxonomy":"category","embeddable":true,"href":"https:\/\/neutrale.al\/index.php\/wp-json\/wp\/v2\/categories?post=21240"},{"taxonomy":"post_tag","embeddable":true,"href":"https:\/\/neutrale.al\/index.php\/wp-json\/wp\/v2\/tags?post=21240"}],"curies":[{"name":"wp","href":"https:\/\/api.w.org\/{rel}","templated":true}]}}