{"id":21219,"date":"2022-09-27T10:19:04","date_gmt":"2022-09-27T10:19:04","guid":{"rendered":"https:\/\/neutrale.al\/?p=21219"},"modified":"2022-09-27T10:19:04","modified_gmt":"2022-09-27T10:19:04","slug":"rama-mos-u-largoni-mund-te-fitoni-me-shume-me-agroturizem-sesa-ne-te-zeze-a-te-bardhe-ne-vende-te-tjera","status":"publish","type":"post","link":"https:\/\/neutrale.al\/index.php\/2022\/09\/27\/rama-mos-u-largoni-mund-te-fitoni-me-shume-me-agroturizem-sesa-ne-te-zeze-a-te-bardhe-ne-vende-te-tjera\/","title":{"rendered":"Rama: Mos u largoni, mund t\u00eb fitoni m\u00eb shum\u00eb me agroturiz\u00ebm sesa n\u00eb t\u00eb zez\u00eb a t\u00eb bardh\u00eb n\u00eb vende t\u00eb tjera."},"content":{"rendered":"<p>Kryeministri Edi Rama teksa fliste n\u00eb analiz\u00ebn p\u00ebr bilancin e sezonit turistik veror, tha se t\u00eb gjith\u00eb ata q\u00eb duan t\u00eb investojn\u00eb n\u00eb agroturiz\u00ebm do t\u00eb ken\u00eb mb\u00ebshtetjen e qeveris\u00eb.<br \/>\nPaguajn\u00eb nga 30 mij\u00eb paund p\u00ebr t&#8217;u larguar, por m\u00eb shum\u00eb do t\u00eb fitojn\u00eb k\u00ebtu dhe ne do t&#8217;i mb\u00ebshtesim q\u00eb t\u00eb investojn\u00eb n\u00eb agroturiz\u00ebm.<\/p>\n<p>\u201cT\u00eb gjith\u00eb ata q\u00eb paguajn\u00eb nga 30 mij\u00eb paund p\u00ebr t\u00eb marr\u00eb ato rrug\u00ebt e frikshme t\u00eb emigracionit, n\u00eb k\u00ebrkim t\u00eb nj\u00eb parajse q\u00eb nuk kan\u00eb p\u00ebr ta gjetur, mund t\u00eb b\u00ebjn\u00eb ekonomin\u00eb e tyre atje n\u00eb Kuk\u00ebs. K\u00ebr\u00eb nuk e them bazuar n\u00eb nj\u00eb \u00ebnd\u00ebrr, por bazuar n\u00eb ato q\u00eb kam par\u00eb. T\u00eb gjith\u00eb ata q\u00eb duan t\u00eb b\u00ebjn\u00eb nj\u00eb agroturiz\u00ebm ne jemi gati t\u2019i mb\u00ebshtesim. T\u00eb gjith\u00eb ata q\u00eb e kan\u00eb b\u00ebr\u00eb fitojn\u00eb m\u00eb shum\u00eb nga \u00e7\u2019do fitonin nga nj\u00eb pun\u00eb n\u00eb t\u00eb bardh\u00eb apo t\u00eb zez\u00eb diku tjet\u00ebr\u201d, u shpreh kryeministri.<\/p>\n","protected":false},"excerpt":{"rendered":"<p>Kryeministri Edi Rama teksa fliste n\u00eb analiz\u00ebn p\u00ebr bilancin e sezonit turistik veror, tha se t\u00eb gjith\u00eb ata q\u00eb duan t\u00eb investojn\u00eb n\u00eb agroturiz\u00ebm do t\u00eb ken\u00eb mb\u00ebshtetjen e qeveris\u00eb. Paguajn\u00eb nga 30 mij\u00eb paund p\u00ebr t&#8217;u larguar, por m\u00eb shum\u00eb do t\u00eb fitojn\u00eb k\u00ebtu dhe ne do t&#8217;i mb\u00ebshtesim q\u00eb t\u00eb investojn\u00eb n\u00eb agroturiz\u00ebm. [&hellip;]<\/p>\n","protected":false},"author":2,"featured_media":21220,"comment_status":"open","ping_status":"open","sticky":false,"template":"","format":"standard","meta":{"footnotes":""},"categories":[118,9],"tags":[],"class_list":{"0":"post-21219","1":"post","2":"type-post","3":"status-publish","4":"format-standard","5":"has-post-thumbnail","7":"category-kryesore","8":"category-politika"},"_links":{"self":[{"href":"https:\/\/neutrale.al\/index.php\/wp-json\/wp\/v2\/posts\/21219","targetHints":{"allow":["GET"]}}],"collection":[{"href":"https:\/\/neutrale.al\/index.php\/wp-json\/wp\/v2\/posts"}],"about":[{"href":"https:\/\/neutrale.al\/index.php\/wp-json\/wp\/v2\/types\/post"}],"author":[{"embeddable":true,"href":"https:\/\/neutrale.al\/index.php\/wp-json\/wp\/v2\/users\/2"}],"replies":[{"embeddable":true,"href":"https:\/\/neutrale.al\/index.php\/wp-json\/wp\/v2\/comments?post=21219"}],"version-history":[{"count":1,"href":"https:\/\/neutrale.al\/index.php\/wp-json\/wp\/v2\/posts\/21219\/revisions"}],"predecessor-version":[{"id":21221,"href":"https:\/\/neutrale.al\/index.php\/wp-json\/wp\/v2\/posts\/21219\/revisions\/21221"}],"wp:featuredmedia":[{"embeddable":true,"href":"https:\/\/neutrale.al\/index.php\/wp-json\/wp\/v2\/media\/21220"}],"wp:attachment":[{"href":"https:\/\/neutrale.al\/index.php\/wp-json\/wp\/v2\/media?parent=21219"}],"wp:term":[{"taxonomy":"category","embeddable":true,"href":"https:\/\/neutrale.al\/index.php\/wp-json\/wp\/v2\/categories?post=21219"},{"taxonomy":"post_tag","embeddable":true,"href":"https:\/\/neutrale.al\/index.php\/wp-json\/wp\/v2\/tags?post=21219"}],"curies":[{"name":"wp","href":"https:\/\/api.w.org\/{rel}","templated":true}]}}