{"id":21191,"date":"2022-09-27T08:39:16","date_gmt":"2022-09-27T08:39:16","guid":{"rendered":"https:\/\/neutrale.al\/?p=21191"},"modified":"2022-09-27T08:39:16","modified_gmt":"2022-09-27T08:39:16","slug":"memoriali-i-shenjtores-tereza-te-kodrat-e-liqenit-veliaj-bekim-per-qytetin","status":"publish","type":"post","link":"https:\/\/neutrale.al\/index.php\/2022\/09\/27\/memoriali-i-shenjtores-tereza-te-kodrat-e-liqenit-veliaj-bekim-per-qytetin\/","title":{"rendered":"Memoriali i Shenjtores Tereza te Kodrat e Liqenit\/ Veliaj: Bekim p\u00ebr qytetin"},"content":{"rendered":"<p>Kryebashkiaku i Tiran\u00ebs Erion Veliaj shkruan n\u00eb rrjetet sociale, se s\u00eb bashku me Mons. Arjan Dodaj do t\u00eb nisim pun\u00ebn p\u00ebr ngritjen e Memorialit t\u00eb N\u00ebn\u00eb Terez\u00ebs.<\/p>\n<p>Ja postimi:<\/p>\n<p>Memoriali i shenjtores N\u00ebn\u00eb Tereza mbi Kodrat e Liqenit do t\u00eb jet\u00eb nj\u00eb bekim i madh p\u00ebr qytetin ton\u00eb! \ud83d\ude4f\ud83c\udffc<\/p>\n<p>Shum\u00eb i lumtur \ud83d\ude0a q\u00eb s\u00eb bashku me Mons. Arjan Dodaj do t\u00eb nisim pun\u00ebn p\u00ebr ngritjen e k\u00ebtij oazi q\u00eb i kushtohet pelegrinazhit, besimit dhe reflektimit! \ud83e\udd0d<\/p>\n<p><img loading=\"lazy\" loading=\"lazy\" decoding=\"async\" src=\"https:\/\/neutrale.al\/wp-content\/uploads\/2022\/09\/4EC15245-3142-435F-ADB4-DE2603786973-300x200.jpeg\" alt=\"\" width=\"300\" height=\"200\" class=\"alignnone size-medium wp-image-21192\" srcset=\"https:\/\/neutrale.al\/wp-content\/uploads\/2022\/09\/4EC15245-3142-435F-ADB4-DE2603786973-300x200.jpeg 300w, https:\/\/neutrale.al\/wp-content\/uploads\/2022\/09\/4EC15245-3142-435F-ADB4-DE2603786973-1024x684.jpeg 1024w, https:\/\/neutrale.al\/wp-content\/uploads\/2022\/09\/4EC15245-3142-435F-ADB4-DE2603786973-768x513.jpeg 768w, https:\/\/neutrale.al\/wp-content\/uploads\/2022\/09\/4EC15245-3142-435F-ADB4-DE2603786973-330x220.jpeg 330w, https:\/\/neutrale.al\/wp-content\/uploads\/2022\/09\/4EC15245-3142-435F-ADB4-DE2603786973-420x280.jpeg 420w, https:\/\/neutrale.al\/wp-content\/uploads\/2022\/09\/4EC15245-3142-435F-ADB4-DE2603786973-615x410.jpeg 615w, https:\/\/neutrale.al\/wp-content\/uploads\/2022\/09\/4EC15245-3142-435F-ADB4-DE2603786973-860x574.jpeg 860w, https:\/\/neutrale.al\/wp-content\/uploads\/2022\/09\/4EC15245-3142-435F-ADB4-DE2603786973.jpeg 1080w\" sizes=\"auto, (max-width: 300px) 100vw, 300px\" \/><\/p>\n<p><img loading=\"lazy\" loading=\"lazy\" decoding=\"async\" src=\"https:\/\/neutrale.al\/wp-content\/uploads\/2022\/09\/74AA2C75-19DC-4893-953E-A3D9AF126689-300x200.jpeg\" alt=\"\" width=\"300\" height=\"200\" class=\"alignnone size-medium wp-image-21193\" srcset=\"https:\/\/neutrale.al\/wp-content\/uploads\/2022\/09\/74AA2C75-19DC-4893-953E-A3D9AF126689-300x200.jpeg 300w, https:\/\/neutrale.al\/wp-content\/uploads\/2022\/09\/74AA2C75-19DC-4893-953E-A3D9AF126689-1024x684.jpeg 1024w, https:\/\/neutrale.al\/wp-content\/uploads\/2022\/09\/74AA2C75-19DC-4893-953E-A3D9AF126689-768x513.jpeg 768w, https:\/\/neutrale.al\/wp-content\/uploads\/2022\/09\/74AA2C75-19DC-4893-953E-A3D9AF126689-330x220.jpeg 330w, https:\/\/neutrale.al\/wp-content\/uploads\/2022\/09\/74AA2C75-19DC-4893-953E-A3D9AF126689-420x280.jpeg 420w, https:\/\/neutrale.al\/wp-content\/uploads\/2022\/09\/74AA2C75-19DC-4893-953E-A3D9AF126689-615x410.jpeg 615w, https:\/\/neutrale.al\/wp-content\/uploads\/2022\/09\/74AA2C75-19DC-4893-953E-A3D9AF126689-860x574.jpeg 860w, https:\/\/neutrale.al\/wp-content\/uploads\/2022\/09\/74AA2C75-19DC-4893-953E-A3D9AF126689.jpeg 1080w\" sizes=\"auto, (max-width: 300px) 100vw, 300px\" \/><\/p>\n","protected":false},"excerpt":{"rendered":"<p>Kryebashkiaku i Tiran\u00ebs Erion Veliaj shkruan n\u00eb rrjetet sociale, se s\u00eb bashku me Mons. Arjan Dodaj do t\u00eb nisim pun\u00ebn p\u00ebr ngritjen e Memorialit t\u00eb N\u00ebn\u00eb Terez\u00ebs. Ja postimi: Memoriali i shenjtores N\u00ebn\u00eb Tereza mbi Kodrat e Liqenit do t\u00eb jet\u00eb nj\u00eb bekim i madh p\u00ebr qytetin ton\u00eb! \ud83d\ude4f\ud83c\udffc Shum\u00eb i lumtur \ud83d\ude0a q\u00eb s\u00eb [&hellip;]<\/p>\n","protected":false},"author":2,"featured_media":21194,"comment_status":"open","ping_status":"open","sticky":false,"template":"","format":"standard","meta":{"footnotes":""},"categories":[1],"tags":[27],"class_list":{"0":"post-21191","1":"post","2":"type-post","3":"status-publish","4":"format-standard","5":"has-post-thumbnail","7":"category-te-tjera","8":"tag-lajme"},"_links":{"self":[{"href":"https:\/\/neutrale.al\/index.php\/wp-json\/wp\/v2\/posts\/21191","targetHints":{"allow":["GET"]}}],"collection":[{"href":"https:\/\/neutrale.al\/index.php\/wp-json\/wp\/v2\/posts"}],"about":[{"href":"https:\/\/neutrale.al\/index.php\/wp-json\/wp\/v2\/types\/post"}],"author":[{"embeddable":true,"href":"https:\/\/neutrale.al\/index.php\/wp-json\/wp\/v2\/users\/2"}],"replies":[{"embeddable":true,"href":"https:\/\/neutrale.al\/index.php\/wp-json\/wp\/v2\/comments?post=21191"}],"version-history":[{"count":1,"href":"https:\/\/neutrale.al\/index.php\/wp-json\/wp\/v2\/posts\/21191\/revisions"}],"predecessor-version":[{"id":21195,"href":"https:\/\/neutrale.al\/index.php\/wp-json\/wp\/v2\/posts\/21191\/revisions\/21195"}],"wp:featuredmedia":[{"embeddable":true,"href":"https:\/\/neutrale.al\/index.php\/wp-json\/wp\/v2\/media\/21194"}],"wp:attachment":[{"href":"https:\/\/neutrale.al\/index.php\/wp-json\/wp\/v2\/media?parent=21191"}],"wp:term":[{"taxonomy":"category","embeddable":true,"href":"https:\/\/neutrale.al\/index.php\/wp-json\/wp\/v2\/categories?post=21191"},{"taxonomy":"post_tag","embeddable":true,"href":"https:\/\/neutrale.al\/index.php\/wp-json\/wp\/v2\/tags?post=21191"}],"curies":[{"name":"wp","href":"https:\/\/api.w.org\/{rel}","templated":true}]}}