{"id":21180,"date":"2022-09-27T08:27:12","date_gmt":"2022-09-27T08:27:12","guid":{"rendered":"https:\/\/neutrale.al\/?p=21180"},"modified":"2022-09-27T08:27:12","modified_gmt":"2022-09-27T08:27:12","slug":"qafe-thane-korrupsion-ne-piken-e-kalimit-kufitar-pezullohen-nga-puna-doganiere-dhe-police","status":"publish","type":"post","link":"https:\/\/neutrale.al\/index.php\/2022\/09\/27\/qafe-thane-korrupsion-ne-piken-e-kalimit-kufitar-pezullohen-nga-puna-doganiere-dhe-police\/","title":{"rendered":"Qaf\u00eb Than\u00eb\/Korrupsion n\u00eb pik\u00ebn e kalimit kufitar, pezullohen nga puna doganier\u00eb dhe polic\u00eb."},"content":{"rendered":"<p>Njoftimi:<\/p>\n<p>Pogradec \u2013 Drejtoria Rajonale e AMP Kor\u00e7\u00eb ka ekzekutuar vendimin penal dh\u00ebn\u00eb nga Gjykata e Shkall\u00ebs s\u00eb Par\u00eb Pogradec p\u00ebr caktimin e mas\u00ebs s\u00eb sigurimit personal me karakter ndalues \u201cPezullim i ushtrimit t\u00eb nj\u00eb detyre a sh\u00ebrbimi publik\u201d n\u00eb ngarkim t\u00eb:<\/p>\n<p>\u2013 Inspektor A. H., 43 vje\u00e7, me detyr\u00eb trup\u00eb sh\u00ebrbimi n\u00eb Drejtorin\u00eb Vendore p\u00ebr Kufirin dhe Migracionin Kor\u00e7\u00eb, stacionuar n\u00eb Pik\u00ebn e Kalimit Kufitar Qaf\u00eb Than\u00eb, i dyshuar p\u00ebr kryerjen e veprave penale \u201cKontrabanda me mallra p\u00ebr t\u00eb cilat paguhet akciz\u00eb, ose me pezullim t\u00eb plot\u00eb\/t\u00eb pjessh\u00ebm, nga detyrimet doganore apo t\u00eb akciz\u00ebs\u201d, \u201cKontrabanda me mallra t\u00eb tjera\u201d, dhe \u201cKorrupsioni pasiv i personave q\u00eb ushtrojn\u00eb funksione publike\u201d.<\/p>\n<p>\u2013 Inspektor F. M., 38 vje\u00e7, me detyr\u00eb trup\u00eb sh\u00ebrbimi n\u00eb Drejtorin\u00eb Vendore p\u00ebr Kufirin dhe Migracionin Kor\u00e7\u00eb, stacionuar n\u00eb Pik\u00ebn e Kalimit Kufitar Qaf\u00eb Than\u00eb, i dyshuar p\u00ebr kryerjen e veprave penale \u201d Kontrabanda me mallra p\u00ebr t\u00eb cilat paguhet akciz\u00eb, ose me pezullim t\u00eb plot\u00eb\/t\u00eb pjessh\u00ebm, nga detyrimet doganore apo t\u00eb akciz\u00ebs \u201c,\u201dKontrabanda me mallra t\u00eb tjera\u201d.<\/p>\n<p>\u2013 Shtetasit n\u00ebn hetim V. B., 53 vje\u00e7, me detyr\u00eb doganier fizik n\u00eb Deg\u00ebn e Dogan\u00ebs Pogradec, i dyshuar p\u00ebr kryerjen e vepr\u00ebs penale \u201cKontrabanda nga punonj\u00ebs q\u00eb lidhen me veprimtarin\u00eb doganore\u201d.<\/p>\n<p>\u2013 Shtetasit n\u00ebn hetim J. P., 45 vje\u00e7, me detyr\u00eb doganier i peshores n\u00eb Deg\u00ebn e Dogan\u00ebs Pogradec, i dyshuar p\u00ebr kryerjen e vepr\u00ebs penale \u201cKontrabanda nga punonj\u00ebs q\u00eb lidhen me veprimtarin\u00eb doganore\u201d.<\/p>\n<p>K\u00ebta shtetas jan\u00eb pezulluar n\u00eb kuad\u00ebr t\u00eb procedimit penal nr.206, viti 2022, t\u00eb Prokuroris\u00eb s\u00eb Rrethit Gjyq\u00ebsor Pogradec, i referuar dhe ndjekur nga AMP Kor\u00e7\u00eb n\u00ebn drejtimin e k\u00ebsaj Prokurorie gjat\u00eb operacionit \u201cDinar\u00ebt\u201d n\u00eb kuad\u00ebr t\u00eb pun\u00ebs kund\u00ebr kontraband\u00ebs dhe veprimeve abuzive n\u00eb pikat kufitare, ku me her\u00ebt n\u00eb lidhje me k\u00ebt\u00eb pro\u00e7edim jan\u00eb arrestuar n\u00eb flagranc\u00eb 7 shtetas, nd\u00ebr ta edhe punonj\u00ebsit e m\u00ebsip\u00ebrm.<\/p>\n<p>Materialet i kaluan p\u00ebr veprime t\u00eb m\u00ebtejshme Prokuroris\u00eb pran\u00eb Gjykat\u00ebs s\u00eb Shkall\u00ebs s\u00eb Par\u00eb Pogradec.<\/p>\n<p>AMP mbetet e p\u00ebrkushtuar n\u00eb misionin e saj p\u00ebr garantimin e zbatimit t\u00eb ligjit dhe fton qytetar\u00ebt t\u00eb denoncojn\u00eb \u00e7do rast t\u00eb abuzimit apo shkeljes s\u00eb ligjit nga ana e punonj\u00ebsve t\u00eb Policis\u00eb s\u00eb Shtetit, duke telefonuar n\u00eb numrin e gjelb\u00ebr 0800 90 90.<\/p>\n","protected":false},"excerpt":{"rendered":"<p>Njoftimi: Pogradec \u2013 Drejtoria Rajonale e AMP Kor\u00e7\u00eb ka ekzekutuar vendimin penal dh\u00ebn\u00eb nga Gjykata e Shkall\u00ebs s\u00eb Par\u00eb Pogradec p\u00ebr caktimin e mas\u00ebs s\u00eb sigurimit personal me karakter ndalues \u201cPezullim i ushtrimit t\u00eb nj\u00eb detyre a sh\u00ebrbimi publik\u201d n\u00eb ngarkim t\u00eb: \u2013 Inspektor A. H., 43 vje\u00e7, me detyr\u00eb trup\u00eb sh\u00ebrbimi n\u00eb Drejtorin\u00eb Vendore [&hellip;]<\/p>\n","protected":false},"author":2,"featured_media":21181,"comment_status":"open","ping_status":"open","sticky":false,"template":"","format":"standard","meta":{"footnotes":""},"categories":[117],"tags":[27],"class_list":{"0":"post-21180","1":"post","2":"type-post","3":"status-publish","4":"format-standard","5":"has-post-thumbnail","7":"category-aktualitet","8":"tag-lajme"},"_links":{"self":[{"href":"https:\/\/neutrale.al\/index.php\/wp-json\/wp\/v2\/posts\/21180","targetHints":{"allow":["GET"]}}],"collection":[{"href":"https:\/\/neutrale.al\/index.php\/wp-json\/wp\/v2\/posts"}],"about":[{"href":"https:\/\/neutrale.al\/index.php\/wp-json\/wp\/v2\/types\/post"}],"author":[{"embeddable":true,"href":"https:\/\/neutrale.al\/index.php\/wp-json\/wp\/v2\/users\/2"}],"replies":[{"embeddable":true,"href":"https:\/\/neutrale.al\/index.php\/wp-json\/wp\/v2\/comments?post=21180"}],"version-history":[{"count":1,"href":"https:\/\/neutrale.al\/index.php\/wp-json\/wp\/v2\/posts\/21180\/revisions"}],"predecessor-version":[{"id":21182,"href":"https:\/\/neutrale.al\/index.php\/wp-json\/wp\/v2\/posts\/21180\/revisions\/21182"}],"wp:featuredmedia":[{"embeddable":true,"href":"https:\/\/neutrale.al\/index.php\/wp-json\/wp\/v2\/media\/21181"}],"wp:attachment":[{"href":"https:\/\/neutrale.al\/index.php\/wp-json\/wp\/v2\/media?parent=21180"}],"wp:term":[{"taxonomy":"category","embeddable":true,"href":"https:\/\/neutrale.al\/index.php\/wp-json\/wp\/v2\/categories?post=21180"},{"taxonomy":"post_tag","embeddable":true,"href":"https:\/\/neutrale.al\/index.php\/wp-json\/wp\/v2\/tags?post=21180"}],"curies":[{"name":"wp","href":"https:\/\/api.w.org\/{rel}","templated":true}]}}