{"id":21151,"date":"2022-09-27T08:11:51","date_gmt":"2022-09-27T08:11:51","guid":{"rendered":"https:\/\/neutrale.al\/?p=21151"},"modified":"2022-09-27T08:11:51","modified_gmt":"2022-09-27T08:11:51","slug":"bypassi-i-gjirokastres-rama-perfundon-brenda-vitit-lirohet-qendra-historike","status":"publish","type":"post","link":"https:\/\/neutrale.al\/index.php\/2022\/09\/27\/bypassi-i-gjirokastres-rama-perfundon-brenda-vitit-lirohet-qendra-historike\/","title":{"rendered":"Bypassi i Gjirokastr\u00ebs\/ Rama: P\u00ebrfundon brenda vitit, lirohet qendra historike."},"content":{"rendered":"<p>Kryeministri Edi Rama ka p\u00ebrcjell\u00eb sot nj\u00eb video me pamje nga punimet e bypass-it t\u00eb Gjirokastr\u00ebs.<\/p>\n<p>Punimet p\u00ebrfundojn\u00eb brenda k\u00ebtij viti, shkruan ai dhe do t&#8217;i jap frym\u00ebmarrje qendr\u00ebs historike.<\/p>\n<p>Ja sh\u00ebnimi:<\/p>\n<p>MIR\u00cbM\u00cbNGJES \ud83d\ude0a<\/p>\n<p>dhe me bajpasin e Gjirokastr\u00ebs, q\u00eb do t\u00eb p\u00ebrfundoj\u00eb n\u00eb fund t\u00eb k\u00ebtij viti e do t\u2019i jap\u00eb frym\u00ebmarrje qendr\u00ebs historike t\u00eb qytetit, ju uroj nj\u00eb dit\u00eb t\u00eb mbar\u00eb\ud83d\ude4f<\/p>\n","protected":false},"excerpt":{"rendered":"<p>Kryeministri Edi Rama ka p\u00ebrcjell\u00eb sot nj\u00eb video me pamje nga punimet e bypass-it t\u00eb Gjirokastr\u00ebs. Punimet p\u00ebrfundojn\u00eb brenda k\u00ebtij viti, shkruan ai dhe do t&#8217;i jap frym\u00ebmarrje qendr\u00ebs historike. Ja sh\u00ebnimi: MIR\u00cbM\u00cbNGJES \ud83d\ude0a dhe me bajpasin e Gjirokastr\u00ebs, q\u00eb do t\u00eb p\u00ebrfundoj\u00eb n\u00eb fund t\u00eb k\u00ebtij viti e do t\u2019i jap\u00eb frym\u00ebmarrje qendr\u00ebs historike [&hellip;]<\/p>\n","protected":false},"author":2,"featured_media":21152,"comment_status":"open","ping_status":"open","sticky":false,"template":"","format":"standard","meta":{"footnotes":""},"categories":[118],"tags":[],"class_list":{"0":"post-21151","1":"post","2":"type-post","3":"status-publish","4":"format-standard","5":"has-post-thumbnail","7":"category-kryesore"},"_links":{"self":[{"href":"https:\/\/neutrale.al\/index.php\/wp-json\/wp\/v2\/posts\/21151","targetHints":{"allow":["GET"]}}],"collection":[{"href":"https:\/\/neutrale.al\/index.php\/wp-json\/wp\/v2\/posts"}],"about":[{"href":"https:\/\/neutrale.al\/index.php\/wp-json\/wp\/v2\/types\/post"}],"author":[{"embeddable":true,"href":"https:\/\/neutrale.al\/index.php\/wp-json\/wp\/v2\/users\/2"}],"replies":[{"embeddable":true,"href":"https:\/\/neutrale.al\/index.php\/wp-json\/wp\/v2\/comments?post=21151"}],"version-history":[{"count":1,"href":"https:\/\/neutrale.al\/index.php\/wp-json\/wp\/v2\/posts\/21151\/revisions"}],"predecessor-version":[{"id":21153,"href":"https:\/\/neutrale.al\/index.php\/wp-json\/wp\/v2\/posts\/21151\/revisions\/21153"}],"wp:featuredmedia":[{"embeddable":true,"href":"https:\/\/neutrale.al\/index.php\/wp-json\/wp\/v2\/media\/21152"}],"wp:attachment":[{"href":"https:\/\/neutrale.al\/index.php\/wp-json\/wp\/v2\/media?parent=21151"}],"wp:term":[{"taxonomy":"category","embeddable":true,"href":"https:\/\/neutrale.al\/index.php\/wp-json\/wp\/v2\/categories?post=21151"},{"taxonomy":"post_tag","embeddable":true,"href":"https:\/\/neutrale.al\/index.php\/wp-json\/wp\/v2\/tags?post=21151"}],"curies":[{"name":"wp","href":"https:\/\/api.w.org\/{rel}","templated":true}]}}