{"id":21115,"date":"2022-09-26T17:17:00","date_gmt":"2022-09-26T17:17:00","guid":{"rendered":"https:\/\/neutrale.al\/?p=21115"},"modified":"2022-09-26T17:17:00","modified_gmt":"2022-09-26T17:17:00","slug":"takim-me-jose-cepeda-anetarin-e-senatit-te-spanjes-veliaj-bashkepunimi-do-te-vijoje","status":"publish","type":"post","link":"https:\/\/neutrale.al\/index.php\/2022\/09\/26\/takim-me-jose-cepeda-anetarin-e-senatit-te-spanjes-veliaj-bashkepunimi-do-te-vijoje\/","title":{"rendered":"Takim me Jos\u00e9 Cepeda, an\u00ebtarin e Senatit t\u00eb Spanj\u00ebs, Veliaj: Bashk\u00ebpunimi do t\u00eb vijoj\u00eb"},"content":{"rendered":"<p>Kryebashkiaku i Tiran\u00ebs Erion Veliaj ka pritur sot Jos\u00e9 Cepeda, an\u00ebtarin e Senatit t\u00eb Spanj\u00ebs.<\/p>\n<p>Nj\u00eb takim i shk\u00eblqyer, shkruan ai, dhe do t\u00eb vijojm\u00eb bashk\u00ebpunimin.<\/p>\n<p>Ja sh\u00ebnimi:<\/p>\n<p>Nj\u00eb takim i shk\u00eblqyer me Jos\u00e9 Cepeda, an\u00ebtarin e Senatit t\u00eb Spanj\u00ebs, t\u00eb cilin pata nderin ta pres n\u00eb Tiran\u00eb! \ud83d\ude0a<\/p>\n<p>Bashk\u00ebpunimi yn\u00eb do t\u00eb vijoj\u00eb duke mb\u00ebshtetur progresin dhe t\u00eb ardhmen e vendeve tona! \ud83c\udde6\ud83c\uddf1\ud83c\uddea\ud83c\uddf8<\/p>\n","protected":false},"excerpt":{"rendered":"<p>Kryebashkiaku i Tiran\u00ebs Erion Veliaj ka pritur sot Jos\u00e9 Cepeda, an\u00ebtarin e Senatit t\u00eb Spanj\u00ebs. Nj\u00eb takim i shk\u00eblqyer, shkruan ai, dhe do t\u00eb vijojm\u00eb bashk\u00ebpunimin. Ja sh\u00ebnimi: Nj\u00eb takim i shk\u00eblqyer me Jos\u00e9 Cepeda, an\u00ebtarin e Senatit t\u00eb Spanj\u00ebs, t\u00eb cilin pata nderin ta pres n\u00eb Tiran\u00eb! \ud83d\ude0a Bashk\u00ebpunimi yn\u00eb do t\u00eb vijoj\u00eb duke [&hellip;]<\/p>\n","protected":false},"author":2,"featured_media":21116,"comment_status":"open","ping_status":"open","sticky":false,"template":"","format":"standard","meta":{"footnotes":""},"categories":[9],"tags":[27],"class_list":{"0":"post-21115","1":"post","2":"type-post","3":"status-publish","4":"format-standard","5":"has-post-thumbnail","7":"category-politika","8":"tag-lajme"},"_links":{"self":[{"href":"https:\/\/neutrale.al\/index.php\/wp-json\/wp\/v2\/posts\/21115","targetHints":{"allow":["GET"]}}],"collection":[{"href":"https:\/\/neutrale.al\/index.php\/wp-json\/wp\/v2\/posts"}],"about":[{"href":"https:\/\/neutrale.al\/index.php\/wp-json\/wp\/v2\/types\/post"}],"author":[{"embeddable":true,"href":"https:\/\/neutrale.al\/index.php\/wp-json\/wp\/v2\/users\/2"}],"replies":[{"embeddable":true,"href":"https:\/\/neutrale.al\/index.php\/wp-json\/wp\/v2\/comments?post=21115"}],"version-history":[{"count":1,"href":"https:\/\/neutrale.al\/index.php\/wp-json\/wp\/v2\/posts\/21115\/revisions"}],"predecessor-version":[{"id":21117,"href":"https:\/\/neutrale.al\/index.php\/wp-json\/wp\/v2\/posts\/21115\/revisions\/21117"}],"wp:featuredmedia":[{"embeddable":true,"href":"https:\/\/neutrale.al\/index.php\/wp-json\/wp\/v2\/media\/21116"}],"wp:attachment":[{"href":"https:\/\/neutrale.al\/index.php\/wp-json\/wp\/v2\/media?parent=21115"}],"wp:term":[{"taxonomy":"category","embeddable":true,"href":"https:\/\/neutrale.al\/index.php\/wp-json\/wp\/v2\/categories?post=21115"},{"taxonomy":"post_tag","embeddable":true,"href":"https:\/\/neutrale.al\/index.php\/wp-json\/wp\/v2\/tags?post=21115"}],"curies":[{"name":"wp","href":"https:\/\/api.w.org\/{rel}","templated":true}]}}