{"id":21081,"date":"2022-09-26T14:57:00","date_gmt":"2022-09-26T14:57:00","guid":{"rendered":"https:\/\/neutrale.al\/?p=21081"},"modified":"2022-09-26T14:57:00","modified_gmt":"2022-09-26T14:57:00","slug":"sot-24-vite-me-pare-serbet-masakruan-barbarisht-23-gra-dhe-femije-ne-abri-te-eperme-ne-kosove","status":"publish","type":"post","link":"https:\/\/neutrale.al\/index.php\/2022\/09\/26\/sot-24-vite-me-pare-serbet-masakruan-barbarisht-23-gra-dhe-femije-ne-abri-te-eperme-ne-kosove\/","title":{"rendered":"Sot 24 vite m\u00eb par\u00eb serb\u00ebt masakruan barbarisht 23 gra dhe f\u00ebmij\u00eb n\u00eb Abri t\u00eb Ep\u00ebrme n\u00eb Kosov\u00eb"},"content":{"rendered":"<p>24 vite me par\u00eb n\u00eb fshatin Abri e Ep\u00ebrme n\u00eb Kosov\u00eb do t\u00eb kryhej nj\u00eb nga krimet m\u00eb t\u00eb m\u00ebdha nga ana e serb\u00ebve ndaj popullsis\u00eb shqiptare, ku u vran\u00eb 23 njer\u00ebz, kryesisht gra dhe f\u00ebmij\u00eb.<\/p>\n<p>Faqja \u201cKosova nuk harron\u201d ka postuar nj\u00eb foto t\u00eb 24 viteve m\u00eb par\u00eb ku shihen trupat e f\u00ebmij\u00ebve t\u00eb vrar\u00eb nga ushtar\u00ebt serb\u00eb.<\/p>\n<p>postimi:<\/p>\n<p>#OTD n\u00eb m\u00ebngjesin e 26 shtatorit 1998, n\u00eb fshatin Abri e Ep\u00ebrme, Kosov\u00eb, 23 civil\u00eb kryesisht gra dhe f\u00ebmij\u00eb t\u00eb vegj\u00ebl u ekzekutuan brutalisht nga forcat serbe.<\/p>\n<p><img loading=\"lazy\" loading=\"lazy\" decoding=\"async\" src=\"https:\/\/neutrale.al\/wp-content\/uploads\/2022\/09\/413924FD-1E48-4D7B-902D-5E7DAEE639AA-300x291.jpeg\" alt=\"\" width=\"300\" height=\"291\" class=\"alignnone size-medium wp-image-21082\" srcset=\"https:\/\/neutrale.al\/wp-content\/uploads\/2022\/09\/413924FD-1E48-4D7B-902D-5E7DAEE639AA-300x291.jpeg 300w, https:\/\/neutrale.al\/wp-content\/uploads\/2022\/09\/413924FD-1E48-4D7B-902D-5E7DAEE639AA.jpeg 625w\" sizes=\"auto, (max-width: 300px) 100vw, 300px\" \/><\/p>\n<p><a href=\"https:\/\/abcnews.al\/sot-24-vite-me-parem-serbet-masakruan-barbarisht-23-gra-dhe-femije-ne-abri-te-eperme-ne-kosove\/\">AbcNews.al<\/a><\/p>\n","protected":false},"excerpt":{"rendered":"<p>24 vite me par\u00eb n\u00eb fshatin Abri e Ep\u00ebrme n\u00eb Kosov\u00eb do t\u00eb kryhej nj\u00eb nga krimet m\u00eb t\u00eb m\u00ebdha nga ana e serb\u00ebve ndaj popullsis\u00eb shqiptare, ku u vran\u00eb 23 njer\u00ebz, kryesisht gra dhe f\u00ebmij\u00eb. Faqja \u201cKosova nuk harron\u201d ka postuar nj\u00eb foto t\u00eb 24 viteve m\u00eb par\u00eb ku shihen trupat e f\u00ebmij\u00ebve t\u00eb [&hellip;]<\/p>\n","protected":false},"author":2,"featured_media":21083,"comment_status":"open","ping_status":"open","sticky":false,"template":"","format":"standard","meta":{"footnotes":""},"categories":[6],"tags":[],"class_list":{"0":"post-21081","1":"post","2":"type-post","3":"status-publish","4":"format-standard","5":"has-post-thumbnail","7":"category-rajoni"},"_links":{"self":[{"href":"https:\/\/neutrale.al\/index.php\/wp-json\/wp\/v2\/posts\/21081","targetHints":{"allow":["GET"]}}],"collection":[{"href":"https:\/\/neutrale.al\/index.php\/wp-json\/wp\/v2\/posts"}],"about":[{"href":"https:\/\/neutrale.al\/index.php\/wp-json\/wp\/v2\/types\/post"}],"author":[{"embeddable":true,"href":"https:\/\/neutrale.al\/index.php\/wp-json\/wp\/v2\/users\/2"}],"replies":[{"embeddable":true,"href":"https:\/\/neutrale.al\/index.php\/wp-json\/wp\/v2\/comments?post=21081"}],"version-history":[{"count":1,"href":"https:\/\/neutrale.al\/index.php\/wp-json\/wp\/v2\/posts\/21081\/revisions"}],"predecessor-version":[{"id":21084,"href":"https:\/\/neutrale.al\/index.php\/wp-json\/wp\/v2\/posts\/21081\/revisions\/21084"}],"wp:featuredmedia":[{"embeddable":true,"href":"https:\/\/neutrale.al\/index.php\/wp-json\/wp\/v2\/media\/21083"}],"wp:attachment":[{"href":"https:\/\/neutrale.al\/index.php\/wp-json\/wp\/v2\/media?parent=21081"}],"wp:term":[{"taxonomy":"category","embeddable":true,"href":"https:\/\/neutrale.al\/index.php\/wp-json\/wp\/v2\/categories?post=21081"},{"taxonomy":"post_tag","embeddable":true,"href":"https:\/\/neutrale.al\/index.php\/wp-json\/wp\/v2\/tags?post=21081"}],"curies":[{"name":"wp","href":"https:\/\/api.w.org\/{rel}","templated":true}]}}