{"id":21068,"date":"2022-09-26T13:27:34","date_gmt":"2022-09-26T13:27:34","guid":{"rendered":"https:\/\/neutrale.al\/?p=21068"},"modified":"2022-09-26T13:27:34","modified_gmt":"2022-09-26T13:27:34","slug":"thirrja-e-ilir-metes-kujdes-nga-patronazhistet-e-oshee-duan-tju-mbifaturojne","status":"publish","type":"post","link":"https:\/\/neutrale.al\/index.php\/2022\/09\/26\/thirrja-e-ilir-metes-kujdes-nga-patronazhistet-e-oshee-duan-tju-mbifaturojne\/","title":{"rendered":"Thirrja e Ilir Met\u00ebs : Kujdes nga patronazhist\u00ebt e OSHEE , duan t\u2019ju mbifaturojn\u00eb"},"content":{"rendered":"<p>Kryetari i Partis\u00eb s\u00eb Liris\u00eb, Ilir Meta ka reaguar n\u00eb lidhje me ndryshimin e fash\u00ebs s\u00eb energjis\u00eb elektrike.<\/p>\n<p>Meta iu b\u00ebri thirrje qytetar\u00ebve q\u00eb t\u00eb tregojn\u00eb kujdes dhe t\u00eb monitorojn\u00eb sahatet, pasi mund t\u00eb ket\u00eb nd\u00ebrhyrje nga pastronazhist\u00ebt.<\/p>\n<p>REAGIMI I MET\u00cbS<br \/>\nRritja abuzive e \u00e7mimit t\u00eb energjis\u00eb elektrike do t\u00eb prek\u00eb mij\u00ebra familje shqiptare.<br \/>\nQytetar\u00ebve t\u00eb thjesht\u00eb q\u00eb rrezikojn\u00eb sidomos nga vendosja e fash\u00ebs 800k\u00eb n\u00eb muaj ju b\u00ebj thirrje t\u00eb tregojn\u00eb kujdes dhe t\u00eb monitorojn\u00eb vazhdimisht sahat\u00ebt nga nd\u00ebrhyrjet e patronazhist\u00ebve t\u00eb OSHEE p\u00ebr t\u2019i mbifaturuar!<\/p>\n","protected":false},"excerpt":{"rendered":"<p>Kryetari i Partis\u00eb s\u00eb Liris\u00eb, Ilir Meta ka reaguar n\u00eb lidhje me ndryshimin e fash\u00ebs s\u00eb energjis\u00eb elektrike. Meta iu b\u00ebri thirrje qytetar\u00ebve q\u00eb t\u00eb tregojn\u00eb kujdes dhe t\u00eb monitorojn\u00eb sahatet, pasi mund t\u00eb ket\u00eb nd\u00ebrhyrje nga pastronazhist\u00ebt. REAGIMI I MET\u00cbS Rritja abuzive e \u00e7mimit t\u00eb energjis\u00eb elektrike do t\u00eb prek\u00eb mij\u00ebra familje shqiptare. Qytetar\u00ebve [&hellip;]<\/p>\n","protected":false},"author":2,"featured_media":21069,"comment_status":"open","ping_status":"open","sticky":false,"template":"","format":"standard","meta":{"footnotes":""},"categories":[9],"tags":[27],"class_list":{"0":"post-21068","1":"post","2":"type-post","3":"status-publish","4":"format-standard","5":"has-post-thumbnail","7":"category-politika","8":"tag-lajme"},"_links":{"self":[{"href":"https:\/\/neutrale.al\/index.php\/wp-json\/wp\/v2\/posts\/21068","targetHints":{"allow":["GET"]}}],"collection":[{"href":"https:\/\/neutrale.al\/index.php\/wp-json\/wp\/v2\/posts"}],"about":[{"href":"https:\/\/neutrale.al\/index.php\/wp-json\/wp\/v2\/types\/post"}],"author":[{"embeddable":true,"href":"https:\/\/neutrale.al\/index.php\/wp-json\/wp\/v2\/users\/2"}],"replies":[{"embeddable":true,"href":"https:\/\/neutrale.al\/index.php\/wp-json\/wp\/v2\/comments?post=21068"}],"version-history":[{"count":1,"href":"https:\/\/neutrale.al\/index.php\/wp-json\/wp\/v2\/posts\/21068\/revisions"}],"predecessor-version":[{"id":21070,"href":"https:\/\/neutrale.al\/index.php\/wp-json\/wp\/v2\/posts\/21068\/revisions\/21070"}],"wp:featuredmedia":[{"embeddable":true,"href":"https:\/\/neutrale.al\/index.php\/wp-json\/wp\/v2\/media\/21069"}],"wp:attachment":[{"href":"https:\/\/neutrale.al\/index.php\/wp-json\/wp\/v2\/media?parent=21068"}],"wp:term":[{"taxonomy":"category","embeddable":true,"href":"https:\/\/neutrale.al\/index.php\/wp-json\/wp\/v2\/categories?post=21068"},{"taxonomy":"post_tag","embeddable":true,"href":"https:\/\/neutrale.al\/index.php\/wp-json\/wp\/v2\/tags?post=21068"}],"curies":[{"name":"wp","href":"https:\/\/api.w.org\/{rel}","templated":true}]}}