{"id":21059,"date":"2022-09-26T11:31:39","date_gmt":"2022-09-26T11:31:39","guid":{"rendered":"https:\/\/neutrale.al\/?p=21059"},"modified":"2022-09-26T11:31:39","modified_gmt":"2022-09-26T11:31:39","slug":"selia-blu-mbledhja-e-kryesise-se-pd-se-verifikim-per-financimet-dhe-shpenzimet-e-bashes","status":"publish","type":"post","link":"https:\/\/neutrale.al\/index.php\/2022\/09\/26\/selia-blu-mbledhja-e-kryesise-se-pd-se-verifikim-per-financimet-dhe-shpenzimet-e-bashes\/","title":{"rendered":"Selia blu\/ Mbledhja e kryesis\u00eb s\u00eb PD-s\u00eb: Verifikim p\u00ebr financimet dhe shpenzimet e Bash\u00ebs."},"content":{"rendered":"<p>Ka nisur mbledhja e kryesis\u00eb s\u00eb Partis\u00eb Demokratike.<br \/>\nVe\u00e7 rendit t\u00eb dit\u00ebs s\u00eb njoftuar, m\u00ebsohet se Berisha ka iniciuar ngritjen e nj\u00eb grupi verifikimi p\u00ebr financat dhe  shpenzimet e k\u00ebtij subjekti politik.<\/p>\n<p>Gjith\u00e7ka ka nisur nga akuzat dhe aludimet e mediave p\u00ebr financimet ruse.<\/p>\n","protected":false},"excerpt":{"rendered":"<p>Ka nisur mbledhja e kryesis\u00eb s\u00eb Partis\u00eb Demokratike. Ve\u00e7 rendit t\u00eb dit\u00ebs s\u00eb njoftuar, m\u00ebsohet se Berisha ka iniciuar ngritjen e nj\u00eb grupi verifikimi p\u00ebr financat dhe shpenzimet e k\u00ebtij subjekti politik. Gjith\u00e7ka ka nisur nga akuzat dhe aludimet e mediave p\u00ebr financimet ruse.<\/p>\n","protected":false},"author":2,"featured_media":21060,"comment_status":"open","ping_status":"open","sticky":false,"template":"","format":"standard","meta":{"footnotes":""},"categories":[9],"tags":[27],"class_list":{"0":"post-21059","1":"post","2":"type-post","3":"status-publish","4":"format-standard","5":"has-post-thumbnail","7":"category-politika","8":"tag-lajme"},"_links":{"self":[{"href":"https:\/\/neutrale.al\/index.php\/wp-json\/wp\/v2\/posts\/21059","targetHints":{"allow":["GET"]}}],"collection":[{"href":"https:\/\/neutrale.al\/index.php\/wp-json\/wp\/v2\/posts"}],"about":[{"href":"https:\/\/neutrale.al\/index.php\/wp-json\/wp\/v2\/types\/post"}],"author":[{"embeddable":true,"href":"https:\/\/neutrale.al\/index.php\/wp-json\/wp\/v2\/users\/2"}],"replies":[{"embeddable":true,"href":"https:\/\/neutrale.al\/index.php\/wp-json\/wp\/v2\/comments?post=21059"}],"version-history":[{"count":1,"href":"https:\/\/neutrale.al\/index.php\/wp-json\/wp\/v2\/posts\/21059\/revisions"}],"predecessor-version":[{"id":21061,"href":"https:\/\/neutrale.al\/index.php\/wp-json\/wp\/v2\/posts\/21059\/revisions\/21061"}],"wp:featuredmedia":[{"embeddable":true,"href":"https:\/\/neutrale.al\/index.php\/wp-json\/wp\/v2\/media\/21060"}],"wp:attachment":[{"href":"https:\/\/neutrale.al\/index.php\/wp-json\/wp\/v2\/media?parent=21059"}],"wp:term":[{"taxonomy":"category","embeddable":true,"href":"https:\/\/neutrale.al\/index.php\/wp-json\/wp\/v2\/categories?post=21059"},{"taxonomy":"post_tag","embeddable":true,"href":"https:\/\/neutrale.al\/index.php\/wp-json\/wp\/v2\/tags?post=21059"}],"curies":[{"name":"wp","href":"https:\/\/api.w.org\/{rel}","templated":true}]}}