{"id":21027,"date":"2022-09-26T10:28:07","date_gmt":"2022-09-26T10:28:07","guid":{"rendered":"https:\/\/neutrale.al\/?p=21027"},"modified":"2022-09-26T10:28:07","modified_gmt":"2022-09-26T10:28:07","slug":"kush-eshte-giorgia-meloni-jo-sharm-por-qartesi-dhe-ambicie-e-para-femer-kryeministre-ne-itali","status":"publish","type":"post","link":"https:\/\/neutrale.al\/index.php\/2022\/09\/26\/kush-eshte-giorgia-meloni-jo-sharm-por-qartesi-dhe-ambicie-e-para-femer-kryeministre-ne-itali\/","title":{"rendered":"Kush \u00ebsht\u00eb Giorgia Meloni ? Jo sharm, por qart\u00ebsi dhe ambicie&#8230; E para fem\u00ebr kryeministre n\u00eb Itali."},"content":{"rendered":"<p>Giorgia Meloni, lindur n\u00eb vitin 1977, kur ishte nx\u00ebn\u00ebse vet\u00ebm 15 vje\u00e7 u antar\u00ebsua n\u00eb &#8220;frontin e rinis\u00eb&#8221; t\u00eb partis\u00eb neofashiste MSI, p\u00ebr t\u00eb dh\u00ebn\u00eb nj\u00eb shenj\u00eb kund\u00ebr terrorit t\u00eb s\u00eb majt\u00ebs ekstreme n\u00eb ato vite n\u00eb Itali.<br \/>\nM\u00eb von\u00eb ajo drejtoi unionin studentor t\u00eb ekstremit t\u00eb djatht\u00eb dhe m\u00eb 2006 u zgjodh deputete n\u00eb parlamentin italian.<br \/>\nM\u00eb 2008 ajo ishte ministrja m\u00eb e re e Italis\u00eb.<br \/>\nN\u00eb mosh\u00ebn 31 vje\u00e7 ajo drejtoi Ministrin\u00eb e Rinis\u00eb n\u00eb qeverin\u00eb e Silvio Berlusconit.<br \/>\nP\u00ebrpara dhjet\u00eb vjet\u00ebsh Giorgia Meloni themeloi partin\u00eb &#8220;Fratelli d\u2018Italia&#8221;, kryetare e s\u00eb cil\u00ebs \u00ebsht\u00eb q\u00eb nga viti 2014.<br \/>\nM\u00eb 2020 ajo mori edhe kryesin\u00eb e grupit t\u00eb partive europiane &#8220;ECR&#8221;.<\/p>\n<p>Tashm\u00eb Meloni \u00ebsht\u00eb kryeministre e Italis\u00eb&#8230;<\/p>\n","protected":false},"excerpt":{"rendered":"<p>Giorgia Meloni, lindur n\u00eb vitin 1977, kur ishte nx\u00ebn\u00ebse vet\u00ebm 15 vje\u00e7 u antar\u00ebsua n\u00eb &#8220;frontin e rinis\u00eb&#8221; t\u00eb partis\u00eb neofashiste MSI, p\u00ebr t\u00eb dh\u00ebn\u00eb nj\u00eb shenj\u00eb kund\u00ebr terrorit t\u00eb s\u00eb majt\u00ebs ekstreme n\u00eb ato vite n\u00eb Itali. M\u00eb von\u00eb ajo drejtoi unionin studentor t\u00eb ekstremit t\u00eb djatht\u00eb dhe m\u00eb 2006 u zgjodh deputete n\u00eb [&hellip;]<\/p>\n","protected":false},"author":2,"featured_media":21028,"comment_status":"open","ping_status":"open","sticky":false,"template":"","format":"standard","meta":{"footnotes":""},"categories":[118],"tags":[],"class_list":{"0":"post-21027","1":"post","2":"type-post","3":"status-publish","4":"format-standard","5":"has-post-thumbnail","7":"category-kryesore"},"_links":{"self":[{"href":"https:\/\/neutrale.al\/index.php\/wp-json\/wp\/v2\/posts\/21027","targetHints":{"allow":["GET"]}}],"collection":[{"href":"https:\/\/neutrale.al\/index.php\/wp-json\/wp\/v2\/posts"}],"about":[{"href":"https:\/\/neutrale.al\/index.php\/wp-json\/wp\/v2\/types\/post"}],"author":[{"embeddable":true,"href":"https:\/\/neutrale.al\/index.php\/wp-json\/wp\/v2\/users\/2"}],"replies":[{"embeddable":true,"href":"https:\/\/neutrale.al\/index.php\/wp-json\/wp\/v2\/comments?post=21027"}],"version-history":[{"count":1,"href":"https:\/\/neutrale.al\/index.php\/wp-json\/wp\/v2\/posts\/21027\/revisions"}],"predecessor-version":[{"id":21029,"href":"https:\/\/neutrale.al\/index.php\/wp-json\/wp\/v2\/posts\/21027\/revisions\/21029"}],"wp:featuredmedia":[{"embeddable":true,"href":"https:\/\/neutrale.al\/index.php\/wp-json\/wp\/v2\/media\/21028"}],"wp:attachment":[{"href":"https:\/\/neutrale.al\/index.php\/wp-json\/wp\/v2\/media?parent=21027"}],"wp:term":[{"taxonomy":"category","embeddable":true,"href":"https:\/\/neutrale.al\/index.php\/wp-json\/wp\/v2\/categories?post=21027"},{"taxonomy":"post_tag","embeddable":true,"href":"https:\/\/neutrale.al\/index.php\/wp-json\/wp\/v2\/tags?post=21027"}],"curies":[{"name":"wp","href":"https:\/\/api.w.org\/{rel}","templated":true}]}}