{"id":21012,"date":"2022-09-26T09:26:58","date_gmt":"2022-09-26T09:26:58","guid":{"rendered":"https:\/\/neutrale.al\/?p=21012"},"modified":"2022-09-26T09:26:58","modified_gmt":"2022-09-26T09:26:58","slug":"ilir-meta-uron-te-djathtet-italiane-per-rikthimin-ne-pushtet","status":"publish","type":"post","link":"https:\/\/neutrale.al\/index.php\/2022\/09\/26\/ilir-meta-uron-te-djathtet-italiane-per-rikthimin-ne-pushtet\/","title":{"rendered":"Ilir Meta uron t\u00eb djatht\u00ebt italian\u00eb p\u00ebr rikthimin n\u00eb pushtet."},"content":{"rendered":"<p>Kreu i Partis\u00eb s\u00eb Liris\u00eb Ilir Meta ka uruar sot koalicionin e djatht\u00eb q\u00eb do qeveris\u00eb Italin\u00eb.<br \/>\nJa postimi i tij:<\/p>\n<p>Italia foli qart\u00eb!<br \/>\nUrimet m\u00eb t\u00eb mira Georgia Melonit p\u00ebr fitoren bind\u00ebse s\u00eb bashku n\u00eb koalicionin e qendr\u00ebs s\u00eb djatht\u00ebs me Matteo Salvini dhe Silvio Berlusconi.<br \/>\nDuke i uruar shum\u00eb suksese qeverisjes s\u00eb re t\u00eb Italis\u00eb mike dhe partnere t\u00eb r\u00ebnd\u00ebsishme strategjike, jemi t\u00eb vendosur p\u00ebr forcimin e m\u00ebtejsh\u00ebm dhe t\u00eb gjithansh\u00ebm t\u00eb marr\u00ebdh\u00ebnieve mes dy vende dhe popujve tan\u00eb. \ud83c\udde6\ud83c\uddf1\ud83e\udd1d\ud83c\uddee\ud83c\uddf9<\/p>\n","protected":false},"excerpt":{"rendered":"<p>Kreu i Partis\u00eb s\u00eb Liris\u00eb Ilir Meta ka uruar sot koalicionin e djatht\u00eb q\u00eb do qeveris\u00eb Italin\u00eb. Ja postimi i tij: Italia foli qart\u00eb! Urimet m\u00eb t\u00eb mira Georgia Melonit p\u00ebr fitoren bind\u00ebse s\u00eb bashku n\u00eb koalicionin e qendr\u00ebs s\u00eb djatht\u00ebs me Matteo Salvini dhe Silvio Berlusconi. Duke i uruar shum\u00eb suksese qeverisjes s\u00eb re [&hellip;]<\/p>\n","protected":false},"author":2,"featured_media":21013,"comment_status":"open","ping_status":"open","sticky":false,"template":"","format":"standard","meta":{"footnotes":""},"categories":[118,9],"tags":[],"class_list":{"0":"post-21012","1":"post","2":"type-post","3":"status-publish","4":"format-standard","5":"has-post-thumbnail","7":"category-kryesore","8":"category-politika"},"_links":{"self":[{"href":"https:\/\/neutrale.al\/index.php\/wp-json\/wp\/v2\/posts\/21012","targetHints":{"allow":["GET"]}}],"collection":[{"href":"https:\/\/neutrale.al\/index.php\/wp-json\/wp\/v2\/posts"}],"about":[{"href":"https:\/\/neutrale.al\/index.php\/wp-json\/wp\/v2\/types\/post"}],"author":[{"embeddable":true,"href":"https:\/\/neutrale.al\/index.php\/wp-json\/wp\/v2\/users\/2"}],"replies":[{"embeddable":true,"href":"https:\/\/neutrale.al\/index.php\/wp-json\/wp\/v2\/comments?post=21012"}],"version-history":[{"count":1,"href":"https:\/\/neutrale.al\/index.php\/wp-json\/wp\/v2\/posts\/21012\/revisions"}],"predecessor-version":[{"id":21014,"href":"https:\/\/neutrale.al\/index.php\/wp-json\/wp\/v2\/posts\/21012\/revisions\/21014"}],"wp:featuredmedia":[{"embeddable":true,"href":"https:\/\/neutrale.al\/index.php\/wp-json\/wp\/v2\/media\/21013"}],"wp:attachment":[{"href":"https:\/\/neutrale.al\/index.php\/wp-json\/wp\/v2\/media?parent=21012"}],"wp:term":[{"taxonomy":"category","embeddable":true,"href":"https:\/\/neutrale.al\/index.php\/wp-json\/wp\/v2\/categories?post=21012"},{"taxonomy":"post_tag","embeddable":true,"href":"https:\/\/neutrale.al\/index.php\/wp-json\/wp\/v2\/tags?post=21012"}],"curies":[{"name":"wp","href":"https:\/\/api.w.org\/{rel}","templated":true}]}}