{"id":20918,"date":"2022-09-25T16:02:51","date_gmt":"2022-09-25T16:02:51","guid":{"rendered":"https:\/\/neutrale.al\/?p=20918"},"modified":"2022-09-25T16:02:51","modified_gmt":"2022-09-25T16:02:51","slug":"takimi-kim-meta-reagon-ish-deputeti-myslim-murrizi-ja-qe-u-pajtuan-perseri","status":"publish","type":"post","link":"https:\/\/neutrale.al\/index.php\/2022\/09\/25\/takimi-kim-meta-reagon-ish-deputeti-myslim-murrizi-ja-qe-u-pajtuan-perseri\/","title":{"rendered":"Takimi Kim- Meta\/ Reagon ish deputeti Myslim Murrizi: Ja q\u00eb u &#8220;pajtuan&#8221; p\u00ebrs\u00ebri&#8230;"},"content":{"rendered":"<p>K\u00ebshtu shkruan n\u00eb &#8220;Facebook&#8221;, ish n\u00ebnkryetari i Kuvendit Myslim Murrizi.<\/p>\n<p>M\u00eb posht\u00eb postimi i plot\u00eb i tij:<\/p>\n<p>Ja q\u00eb u \u201cpajtuan\u201d p\u00ebrs\u00ebri&#8230;<\/p>\n<p>Yri takon Ilirin e Partis\u00eb s\u00eb Liris\u00eb<\/p>\n<p>Kur ndryshon emrin e partis\u00eb harrohen t\u00eb gjitha dhe nis fillim i ri, jet\u00eb e re \u201cdashuri\u201d e re dhe malli i \u201c zem\u00ebrimit\u201d 3 vje\u00e7ar ( 2019-2022) plas gurin<\/p>\n<p>Dhe pastaj m\u00ebrzitemi ndonj\u00ebher\u00eb kot, kur d\u00ebgjojm\u00eb q\u00eb thon\u00eb:<\/p>\n<p>POLITIKA ESHTE KUR\u2026\u2026.. B\u00cb, q\u00eb ulet e ngrihet apo ka dashuri dhe urrejtje me zigzake nj\u00eblloj si lufta e klasave n\u00eb komuniz\u00ebm <\/p>\n<p>Ehhhhhh sa jemi g\u00ebzuar si Popull q\u00eb Ju \u201cbaballar\u00eb \u201d dhe \u201c mamallare\u201d t\u00eb Kombit \u201czem\u00ebroheni \u201cdhe pajtoheni sa her\u00eb t&#8217;ju doj trapi duke tallur trapin me votues trapa<\/p>\n<p>T\u00cb SHKUARA E T\u00cb HARRUARA \u00ebsht\u00eb urimi p\u00ebr t\u00eb tilla akrobaci dhe pafytyr\u00ebsi<\/p>\n","protected":false},"excerpt":{"rendered":"<p>K\u00ebshtu shkruan n\u00eb &#8220;Facebook&#8221;, ish n\u00ebnkryetari i Kuvendit Myslim Murrizi. M\u00eb posht\u00eb postimi i plot\u00eb i tij: Ja q\u00eb u \u201cpajtuan\u201d p\u00ebrs\u00ebri&#8230; Yri takon Ilirin e Partis\u00eb s\u00eb Liris\u00eb Kur ndryshon emrin e partis\u00eb harrohen t\u00eb gjitha dhe nis fillim i ri, jet\u00eb e re \u201cdashuri\u201d e re dhe malli i \u201c zem\u00ebrimit\u201d 3 vje\u00e7ar [&hellip;]<\/p>\n","protected":false},"author":2,"featured_media":20919,"comment_status":"open","ping_status":"open","sticky":false,"template":"","format":"standard","meta":{"footnotes":""},"categories":[9],"tags":[27],"class_list":{"0":"post-20918","1":"post","2":"type-post","3":"status-publish","4":"format-standard","5":"has-post-thumbnail","7":"category-politika","8":"tag-lajme"},"_links":{"self":[{"href":"https:\/\/neutrale.al\/index.php\/wp-json\/wp\/v2\/posts\/20918","targetHints":{"allow":["GET"]}}],"collection":[{"href":"https:\/\/neutrale.al\/index.php\/wp-json\/wp\/v2\/posts"}],"about":[{"href":"https:\/\/neutrale.al\/index.php\/wp-json\/wp\/v2\/types\/post"}],"author":[{"embeddable":true,"href":"https:\/\/neutrale.al\/index.php\/wp-json\/wp\/v2\/users\/2"}],"replies":[{"embeddable":true,"href":"https:\/\/neutrale.al\/index.php\/wp-json\/wp\/v2\/comments?post=20918"}],"version-history":[{"count":1,"href":"https:\/\/neutrale.al\/index.php\/wp-json\/wp\/v2\/posts\/20918\/revisions"}],"predecessor-version":[{"id":20920,"href":"https:\/\/neutrale.al\/index.php\/wp-json\/wp\/v2\/posts\/20918\/revisions\/20920"}],"wp:featuredmedia":[{"embeddable":true,"href":"https:\/\/neutrale.al\/index.php\/wp-json\/wp\/v2\/media\/20919"}],"wp:attachment":[{"href":"https:\/\/neutrale.al\/index.php\/wp-json\/wp\/v2\/media?parent=20918"}],"wp:term":[{"taxonomy":"category","embeddable":true,"href":"https:\/\/neutrale.al\/index.php\/wp-json\/wp\/v2\/categories?post=20918"},{"taxonomy":"post_tag","embeddable":true,"href":"https:\/\/neutrale.al\/index.php\/wp-json\/wp\/v2\/tags?post=20918"}],"curies":[{"name":"wp","href":"https:\/\/api.w.org\/{rel}","templated":true}]}}