{"id":20826,"date":"2022-09-25T08:04:39","date_gmt":"2022-09-25T08:04:39","guid":{"rendered":"https:\/\/neutrale.al\/?p=20826"},"modified":"2022-09-25T08:04:39","modified_gmt":"2022-09-25T08:04:39","slug":"aksident-fatal-motorri-perplas-furgonin-me-turiste","status":"publish","type":"post","link":"https:\/\/neutrale.al\/index.php\/2022\/09\/25\/aksident-fatal-motorri-perplas-furgonin-me-turiste\/","title":{"rendered":"Aksident fatal, motorri p\u00ebrplas furgonin me turist\u00eb."},"content":{"rendered":"<p>Ngjarja ka ndodhur n\u00eb Kret\u00eb t\u00eb Greqis\u00eb.<\/p>\n<p>Mediat vendase shkruajn\u00eb nj\u00eb nj\u00eb 27 vje\u00e7ar q\u00eb udh\u00ebtonte me motorr mbr\u00ebmjen e s\u00eb shtun\u00ebs u p\u00ebrplas me nj\u00eb furgon q\u00eb transportonte turist\u00eb.<br \/>\nI riu 27 vje\u00e7 nd\u00ebrroi jet\u00eb n\u00eb vend, kurse shoferi i furgonit dhe dy turist\u00eb u plagos\u00ebn.<br \/>\n&#8220;Mesara e Kret\u00ebs \u00ebsht\u00eb n\u00eb zi q\u00eb kur nj\u00eb i ri dha frym\u00ebn e fundit n\u00eb asfalt. 27-vje\u00e7ari Giorgos Papadakis ka nd\u00ebrruar jet\u00eb mbr\u00ebm\u00eb n\u00eb rrug\u00ebn nga Pitsidia p\u00ebr n\u00eb Matala,&#8230;<\/p>\n<p>Mediat greke raportojn\u00eb se n\u00eb vendngjarje kan\u00eb mb\u00ebrritur autoambulancat e EKAB-it t\u00eb cil\u00ebt kan\u00eb marr\u00eb drejtuesin e makin\u00ebs pa ndjenja dhe dy pasagjer\u00ebt t\u00eb cil\u00ebt m\u00ebsohet se nuk kan\u00eb p\u00ebsuar l\u00ebndime t\u00eb r\u00ebnda, nd\u00ebrsa i riu kishte nd\u00ebrruar jet\u00eb n\u00eb vend.<\/p>\n<p>Sakaq, viktima ishte nj\u00eb biznesmen mjaft i njohur n\u00eb ishull&#8221;<\/p>\n","protected":false},"excerpt":{"rendered":"<p>Ngjarja ka ndodhur n\u00eb Kret\u00eb t\u00eb Greqis\u00eb. Mediat vendase shkruajn\u00eb nj\u00eb nj\u00eb 27 vje\u00e7ar q\u00eb udh\u00ebtonte me motorr mbr\u00ebmjen e s\u00eb shtun\u00ebs u p\u00ebrplas me nj\u00eb furgon q\u00eb transportonte turist\u00eb. I riu 27 vje\u00e7 nd\u00ebrroi jet\u00eb n\u00eb vend, kurse shoferi i furgonit dhe dy turist\u00eb u plagos\u00ebn. &#8220;Mesara e Kret\u00ebs \u00ebsht\u00eb n\u00eb zi q\u00eb kur [&hellip;]<\/p>\n","protected":false},"author":2,"featured_media":20827,"comment_status":"open","ping_status":"open","sticky":false,"template":"","format":"standard","meta":{"footnotes":""},"categories":[6],"tags":[27],"class_list":{"0":"post-20826","1":"post","2":"type-post","3":"status-publish","4":"format-standard","5":"has-post-thumbnail","7":"category-rajoni","8":"tag-lajme"},"_links":{"self":[{"href":"https:\/\/neutrale.al\/index.php\/wp-json\/wp\/v2\/posts\/20826","targetHints":{"allow":["GET"]}}],"collection":[{"href":"https:\/\/neutrale.al\/index.php\/wp-json\/wp\/v2\/posts"}],"about":[{"href":"https:\/\/neutrale.al\/index.php\/wp-json\/wp\/v2\/types\/post"}],"author":[{"embeddable":true,"href":"https:\/\/neutrale.al\/index.php\/wp-json\/wp\/v2\/users\/2"}],"replies":[{"embeddable":true,"href":"https:\/\/neutrale.al\/index.php\/wp-json\/wp\/v2\/comments?post=20826"}],"version-history":[{"count":1,"href":"https:\/\/neutrale.al\/index.php\/wp-json\/wp\/v2\/posts\/20826\/revisions"}],"predecessor-version":[{"id":20828,"href":"https:\/\/neutrale.al\/index.php\/wp-json\/wp\/v2\/posts\/20826\/revisions\/20828"}],"wp:featuredmedia":[{"embeddable":true,"href":"https:\/\/neutrale.al\/index.php\/wp-json\/wp\/v2\/media\/20827"}],"wp:attachment":[{"href":"https:\/\/neutrale.al\/index.php\/wp-json\/wp\/v2\/media?parent=20826"}],"wp:term":[{"taxonomy":"category","embeddable":true,"href":"https:\/\/neutrale.al\/index.php\/wp-json\/wp\/v2\/categories?post=20826"},{"taxonomy":"post_tag","embeddable":true,"href":"https:\/\/neutrale.al\/index.php\/wp-json\/wp\/v2\/tags?post=20826"}],"curies":[{"name":"wp","href":"https:\/\/api.w.org\/{rel}","templated":true}]}}