{"id":20784,"date":"2022-09-24T17:12:23","date_gmt":"2022-09-24T17:12:23","guid":{"rendered":"https:\/\/neutrale.al\/?p=20784"},"modified":"2022-09-24T17:12:23","modified_gmt":"2022-09-24T17:12:23","slug":"veliaj-takon-ambasadoren-e-be-se-ne-tirane-hohmann-mire-se-erdhe-ne-kryeqytetin-evropian-te-rinise","status":"publish","type":"post","link":"https:\/\/neutrale.al\/index.php\/2022\/09\/24\/veliaj-takon-ambasadoren-e-be-se-ne-tirane-hohmann-mire-se-erdhe-ne-kryeqytetin-evropian-te-rinise\/","title":{"rendered":"Veliaj takon Ambasadoren e BE-s\u00eb n\u00eb Tiran\u00eb, Hohmann: Mir\u00eb se erdhe n\u00eb Kryeqytetin Evropian t\u00eb Rinis\u00eb!"},"content":{"rendered":"<p>Kryebashkiaku Erion Veliaj ka patur nj\u00eb takim sot me Ambasadoren e re t\u00eb Delegacionit t\u00eb Bashkimit Evropian  n\u00eb Tiran\u00eb, Christiane Hohmann.<\/p>\n<p>Punojm\u00eb, shkruan ai, p\u00ebr agjend\u00ebn evropiane t\u00eb Shqip\u00ebris\u00eb.<\/p>\n<p>Ja sh\u00ebnimi:<\/p>\n<p>Shum\u00eb i lumtur p\u00ebr takimin me Ambasadoren e re t\u00eb Delegacionit t\u00eb Bashkimit Evropian \ud83c\uddea\ud83c\uddfa n\u00eb Tiran\u00eb, nj\u00eb mikesh\u00eb e mir\u00eb si Christiane Hohmann. Punojm\u00eb t\u00eb gjith\u00eb bashk\u00eb p\u00ebr ta \u00e7uar p\u00ebrpara agjend\u00ebn evropiane t\u00eb Shqip\u00ebris\u00eb \ud83c\udde6\ud83c\uddf1.<\/p>\n<p>Mir\u00eb se erdhe n\u00eb Kryeqytetin Evropian t\u00eb Rinis\u00eb! \ud83d\ude0d<\/p>\n","protected":false},"excerpt":{"rendered":"<p>Kryebashkiaku Erion Veliaj ka patur nj\u00eb takim sot me Ambasadoren e re t\u00eb Delegacionit t\u00eb Bashkimit Evropian n\u00eb Tiran\u00eb, Christiane Hohmann. Punojm\u00eb, shkruan ai, p\u00ebr agjend\u00ebn evropiane t\u00eb Shqip\u00ebris\u00eb. Ja sh\u00ebnimi: Shum\u00eb i lumtur p\u00ebr takimin me Ambasadoren e re t\u00eb Delegacionit t\u00eb Bashkimit Evropian \ud83c\uddea\ud83c\uddfa n\u00eb Tiran\u00eb, nj\u00eb mikesh\u00eb e mir\u00eb si Christiane Hohmann. [&hellip;]<\/p>\n","protected":false},"author":2,"featured_media":20785,"comment_status":"open","ping_status":"open","sticky":false,"template":"","format":"standard","meta":{"footnotes":""},"categories":[118,9],"tags":[],"class_list":{"0":"post-20784","1":"post","2":"type-post","3":"status-publish","4":"format-standard","5":"has-post-thumbnail","7":"category-kryesore","8":"category-politika"},"_links":{"self":[{"href":"https:\/\/neutrale.al\/index.php\/wp-json\/wp\/v2\/posts\/20784","targetHints":{"allow":["GET"]}}],"collection":[{"href":"https:\/\/neutrale.al\/index.php\/wp-json\/wp\/v2\/posts"}],"about":[{"href":"https:\/\/neutrale.al\/index.php\/wp-json\/wp\/v2\/types\/post"}],"author":[{"embeddable":true,"href":"https:\/\/neutrale.al\/index.php\/wp-json\/wp\/v2\/users\/2"}],"replies":[{"embeddable":true,"href":"https:\/\/neutrale.al\/index.php\/wp-json\/wp\/v2\/comments?post=20784"}],"version-history":[{"count":1,"href":"https:\/\/neutrale.al\/index.php\/wp-json\/wp\/v2\/posts\/20784\/revisions"}],"predecessor-version":[{"id":20786,"href":"https:\/\/neutrale.al\/index.php\/wp-json\/wp\/v2\/posts\/20784\/revisions\/20786"}],"wp:featuredmedia":[{"embeddable":true,"href":"https:\/\/neutrale.al\/index.php\/wp-json\/wp\/v2\/media\/20785"}],"wp:attachment":[{"href":"https:\/\/neutrale.al\/index.php\/wp-json\/wp\/v2\/media?parent=20784"}],"wp:term":[{"taxonomy":"category","embeddable":true,"href":"https:\/\/neutrale.al\/index.php\/wp-json\/wp\/v2\/categories?post=20784"},{"taxonomy":"post_tag","embeddable":true,"href":"https:\/\/neutrale.al\/index.php\/wp-json\/wp\/v2\/tags?post=20784"}],"curies":[{"name":"wp","href":"https:\/\/api.w.org\/{rel}","templated":true}]}}