{"id":20677,"date":"2022-09-24T08:52:14","date_gmt":"2022-09-24T08:52:14","guid":{"rendered":"https:\/\/neutrale.al\/?p=20677"},"modified":"2022-09-24T08:52:14","modified_gmt":"2022-09-24T08:52:14","slug":"dr-ilir-allkja-politikanet-jo-mjeket","status":"publish","type":"post","link":"https:\/\/neutrale.al\/index.php\/2022\/09\/24\/dr-ilir-allkja-politikanet-jo-mjeket\/","title":{"rendered":"Dr Ilir Allkja\/ POLITIKAN\u00cbT JO MJEK\u00cbT!"},"content":{"rendered":"<p>Personalisht  kam  besuar  e vazhdoj se e keqja e v\u00ebrtet\u00eb vendit ton\u00eb i ka ardh\u00eb e i vjen vet\u00ebm nga politika  e politikan\u00ebt !<\/p>\n<p>Jan\u00eb politikan\u00ebt q\u00eb e kan\u00eb shkat\u00ebrruar sistematikisht besimin, qytetet, pyjet, lumenjt\u00eb &#8230; mjek\u00ebsin\u00eb, arsimin,  drejt\u00ebsin\u00eb n\u00eb ket\u00eb vend, por asnj\u00ebher\u00eb nuk kam par\u00eb POPULL  t\u00eb irrituar  ndaj tyre,  p\u00ebrkundrazi kam par\u00eb shpesh POPULL  t\u00eb p\u00ebrkulur  q\u00eb ju puth  duart  e k\u00ebmb\u00ebt delenxhinjve. <\/p>\n<p>M\u00eb kryesorja un\u00eb nuk kam par\u00eb kurr\u00eb publikisht pranga  n\u00eb duart  e politikan\u00ebve hajdut\u00ebr. <\/p>\n<p>Mediat  p\u00ebrcjellin me tam-tame arrestimet e lin\u00e7imet  e mjek\u00ebve duke  investuar nj\u00eb klim\u00eb p\u00ebr\u00e7ar\u00ebse, armiq\u00ebsie  e shp\u00ebrb\u00ebr\u00ebse n\u00eb mardh\u00ebniet mjek-pacient.<\/p>\n<p>Qeveria  \u00ebsht\u00eb e angazhuar  n\u00eb m\u00ebnyr\u00eb  konstante n\u00eb nj\u00eb qasje t\u00eb  pamoralshme, skandaloze, denigruese e madje p\u00ebr\u00e7muese ndaj bluzave  t\u00eb bardha!<\/p>\n<p>Rezultati  \u00ebsht\u00eb  katastrofik,  po shpeshtohen e po thellohen  ngjarjet e agresivitetit kund\u00ebr  mjek\u00ebve duke  nxitur  \u00e7do dit\u00eb mjek\u00ebt t\u00eb ikin prej vendit duke ulur  n\u00eb nivele afrikane  numrin  e mjek\u00ebve p\u00ebr  banor\u00eb.<\/p>\n<p>Arrestimi i nj\u00eb mjeku  p\u00ebr nj\u00eb 20 mij\u00eb  lek\u00eb  \u00ebsht\u00eb i nj\u00ebjt\u00eb me arrestimet  e kryefamiljar\u00ebve  p\u00ebr nj\u00eb fatur\u00eb  dritash nd\u00ebrkoh\u00eb  q\u00eb politikan\u00ebt  po zhvasin  miliarda  \u00e7do dit\u00eb pa ju hyr\u00eb gjemb  n\u00eb k\u00ebmb\u00eb!<\/p>\n<p><img loading=\"lazy\" loading=\"lazy\" decoding=\"async\" src=\"https:\/\/neutrale.al\/wp-content\/uploads\/2022\/09\/FE72C4F2-AE35-47E3-A397-9F3EA02F7778-300x181.jpeg\" alt=\"\" width=\"300\" height=\"181\" class=\"alignnone size-medium wp-image-20678\" srcset=\"https:\/\/neutrale.al\/wp-content\/uploads\/2022\/09\/FE72C4F2-AE35-47E3-A397-9F3EA02F7778-300x181.jpeg 300w, https:\/\/neutrale.al\/wp-content\/uploads\/2022\/09\/FE72C4F2-AE35-47E3-A397-9F3EA02F7778-768x463.jpeg 768w, https:\/\/neutrale.al\/wp-content\/uploads\/2022\/09\/FE72C4F2-AE35-47E3-A397-9F3EA02F7778.jpeg 809w\" sizes=\"auto, (max-width: 300px) 100vw, 300px\" \/><\/p>\n","protected":false},"excerpt":{"rendered":"<p>Personalisht kam besuar e vazhdoj se e keqja e v\u00ebrtet\u00eb vendit ton\u00eb i ka ardh\u00eb e i vjen vet\u00ebm nga politika e politikan\u00ebt ! Jan\u00eb politikan\u00ebt q\u00eb e kan\u00eb shkat\u00ebrruar sistematikisht besimin, qytetet, pyjet, lumenjt\u00eb &#8230; mjek\u00ebsin\u00eb, arsimin, drejt\u00ebsin\u00eb n\u00eb ket\u00eb vend, por asnj\u00ebher\u00eb nuk kam par\u00eb POPULL t\u00eb irrituar ndaj tyre, p\u00ebrkundrazi kam par\u00eb [&hellip;]<\/p>\n","protected":false},"author":2,"featured_media":20679,"comment_status":"open","ping_status":"open","sticky":false,"template":"","format":"standard","meta":{"footnotes":""},"categories":[2],"tags":[],"class_list":{"0":"post-20677","1":"post","2":"type-post","3":"status-publish","4":"format-standard","5":"has-post-thumbnail","7":"category-opinione"},"_links":{"self":[{"href":"https:\/\/neutrale.al\/index.php\/wp-json\/wp\/v2\/posts\/20677","targetHints":{"allow":["GET"]}}],"collection":[{"href":"https:\/\/neutrale.al\/index.php\/wp-json\/wp\/v2\/posts"}],"about":[{"href":"https:\/\/neutrale.al\/index.php\/wp-json\/wp\/v2\/types\/post"}],"author":[{"embeddable":true,"href":"https:\/\/neutrale.al\/index.php\/wp-json\/wp\/v2\/users\/2"}],"replies":[{"embeddable":true,"href":"https:\/\/neutrale.al\/index.php\/wp-json\/wp\/v2\/comments?post=20677"}],"version-history":[{"count":1,"href":"https:\/\/neutrale.al\/index.php\/wp-json\/wp\/v2\/posts\/20677\/revisions"}],"predecessor-version":[{"id":20680,"href":"https:\/\/neutrale.al\/index.php\/wp-json\/wp\/v2\/posts\/20677\/revisions\/20680"}],"wp:featuredmedia":[{"embeddable":true,"href":"https:\/\/neutrale.al\/index.php\/wp-json\/wp\/v2\/media\/20679"}],"wp:attachment":[{"href":"https:\/\/neutrale.al\/index.php\/wp-json\/wp\/v2\/media?parent=20677"}],"wp:term":[{"taxonomy":"category","embeddable":true,"href":"https:\/\/neutrale.al\/index.php\/wp-json\/wp\/v2\/categories?post=20677"},{"taxonomy":"post_tag","embeddable":true,"href":"https:\/\/neutrale.al\/index.php\/wp-json\/wp\/v2\/tags?post=20677"}],"curies":[{"name":"wp","href":"https:\/\/api.w.org\/{rel}","templated":true}]}}