{"id":20655,"date":"2022-09-24T08:35:45","date_gmt":"2022-09-24T08:35:45","guid":{"rendered":"https:\/\/neutrale.al\/?p=20655"},"modified":"2022-09-24T08:35:45","modified_gmt":"2022-09-24T08:35:45","slug":"mbyllja-e-kolegjit-ne-tirane-reagon-deputetja-bakiu-akt-i-turpshem-i-qeverise","status":"publish","type":"post","link":"https:\/\/neutrale.al\/index.php\/2022\/09\/24\/mbyllja-e-kolegjit-ne-tirane-reagon-deputetja-bakiu-akt-i-turpshem-i-qeverise\/","title":{"rendered":"Mbyllja e kolegjit n\u00eb Tiran\u00eb, reagon deputetja Bakiu: Akt i turpsh\u00ebm i qeveris\u00eb."},"content":{"rendered":"<p>Deputetja demokrate e Kruj\u00ebs, Merita Bakiu, n\u00eb nj\u00eb status n\u00eb rrjetet sociale, ka reaguar p\u00ebr mbylljen e kolegjit &#8220;Mehmet Akif&#8221;.<\/p>\n<p>Ajo e nis reagimin e saj me nj\u00eb citim nga Hygo, duke shkruar se kush hap nj\u00eb shkoll\u00eb, mbyll nj\u00eb burg.<br \/>\nE kjo n\u00eb rastin konkret n\u00ebnkupton q\u00eb kush mbyll nj\u00eb shkoll\u00eb, hap nj\u00eb burg&#8230;<\/p>\n<p>Ja postimi i deputetes:<\/p>\n<p>\ud83d\udcda &#8220;KUSH HAP DYERT E NJ\u00cb SHKOLLE, MBYLL DYERT E NJ\u00cb BURGU&#8221;  &#8211; Viktor Hygo <\/p>\n<p>\ud83d\udccc Mbyllja e nj\u00eb prej shkollave private m\u00eb dinjitoze n\u00eb k\u00ebt\u00eb vend, e kolegjit arsimor &#8220;Mehmet Akif&#8221; \u00ebsht\u00eb nj\u00eb nga aktet m\u00eb t\u00eb turpshme t\u00eb k\u00ebsaj qeverie, q\u00eb tregon degradimin e saj. Kjo \u00ebsht\u00eb d\u00ebshmi e d\u00ebshtimit t\u00eb qeveris\u00eb s\u00eb Edi Ram\u00ebs, q\u00eb e ka kthyer arsimin n\u00eb nj\u00eb instrument t\u00eb politik\u00ebs s\u00eb tij t\u00eb sh\u00ebmtuar, duke e b\u00ebr\u00eb pjes\u00eb t\u00eb pazareve dhe axhendave personale. <\/p>\n<p>Ata q\u00eb shkat\u00ebrruan k\u00ebt\u00eb vend dhe po e fundosin \u00e7do dit\u00eb n\u00eb varf\u00ebri k\u00ebt\u00eb popull, tani po u japin motivin e fundit t\u00eb rinjve t\u00eb ikin nga ky vend.<\/p>\n<p>Nuk ka regjim m\u00eb t\u00eb keq sesa ai q\u00eb urren arsimin, kultur\u00ebn, t\u00eb ardhmen&#8230;!<\/p>\n<p>Nd\u00ebrsa mbyll shkollat model t\u00eb arsimit, qeveria<br \/>\nb\u00ebn gati &#8221; ligje&#8221; p\u00ebr t\u00eb pastruar parat\u00eb e krimit dhe drog\u00ebs!<\/p>\n<p>Turp! Turp! Turp!<\/p>\n","protected":false},"excerpt":{"rendered":"<p>Deputetja demokrate e Kruj\u00ebs, Merita Bakiu, n\u00eb nj\u00eb status n\u00eb rrjetet sociale, ka reaguar p\u00ebr mbylljen e kolegjit &#8220;Mehmet Akif&#8221;. Ajo e nis reagimin e saj me nj\u00eb citim nga Hygo, duke shkruar se kush hap nj\u00eb shkoll\u00eb, mbyll nj\u00eb burg. E kjo n\u00eb rastin konkret n\u00ebnkupton q\u00eb kush mbyll nj\u00eb shkoll\u00eb, hap nj\u00eb burg&#8230; [&hellip;]<\/p>\n","protected":false},"author":2,"featured_media":20656,"comment_status":"open","ping_status":"open","sticky":false,"template":"","format":"standard","meta":{"footnotes":""},"categories":[9],"tags":[27],"class_list":{"0":"post-20655","1":"post","2":"type-post","3":"status-publish","4":"format-standard","5":"has-post-thumbnail","7":"category-politika","8":"tag-lajme"},"_links":{"self":[{"href":"https:\/\/neutrale.al\/index.php\/wp-json\/wp\/v2\/posts\/20655","targetHints":{"allow":["GET"]}}],"collection":[{"href":"https:\/\/neutrale.al\/index.php\/wp-json\/wp\/v2\/posts"}],"about":[{"href":"https:\/\/neutrale.al\/index.php\/wp-json\/wp\/v2\/types\/post"}],"author":[{"embeddable":true,"href":"https:\/\/neutrale.al\/index.php\/wp-json\/wp\/v2\/users\/2"}],"replies":[{"embeddable":true,"href":"https:\/\/neutrale.al\/index.php\/wp-json\/wp\/v2\/comments?post=20655"}],"version-history":[{"count":1,"href":"https:\/\/neutrale.al\/index.php\/wp-json\/wp\/v2\/posts\/20655\/revisions"}],"predecessor-version":[{"id":20657,"href":"https:\/\/neutrale.al\/index.php\/wp-json\/wp\/v2\/posts\/20655\/revisions\/20657"}],"wp:featuredmedia":[{"embeddable":true,"href":"https:\/\/neutrale.al\/index.php\/wp-json\/wp\/v2\/media\/20656"}],"wp:attachment":[{"href":"https:\/\/neutrale.al\/index.php\/wp-json\/wp\/v2\/media?parent=20655"}],"wp:term":[{"taxonomy":"category","embeddable":true,"href":"https:\/\/neutrale.al\/index.php\/wp-json\/wp\/v2\/categories?post=20655"},{"taxonomy":"post_tag","embeddable":true,"href":"https:\/\/neutrale.al\/index.php\/wp-json\/wp\/v2\/tags?post=20655"}],"curies":[{"name":"wp","href":"https:\/\/api.w.org\/{rel}","templated":true}]}}