{"id":20652,"date":"2022-09-24T08:33:23","date_gmt":"2022-09-24T08:33:23","guid":{"rendered":"https:\/\/neutrale.al\/?p=20652"},"modified":"2022-09-24T08:33:23","modified_gmt":"2022-09-24T08:33:23","slug":"shefja-e-fmn-se-paralajmeron-se-njerezit-do-te-dalin-ne-rruge-ne-te-gjithe-boten-nese-nuk-ndermerren-hapa-per-te-lehtesuar-inflacionin","status":"publish","type":"post","link":"https:\/\/neutrale.al\/index.php\/2022\/09\/24\/shefja-e-fmn-se-paralajmeron-se-njerezit-do-te-dalin-ne-rruge-ne-te-gjithe-boten-nese-nuk-ndermerren-hapa-per-te-lehtesuar-inflacionin\/","title":{"rendered":"Shefja e FMN-s\u00eb paralajm\u00ebron se \u201cnjer\u00ebzit do t\u00eb dalin n\u00eb rrug\u00eb\u201d n\u00eb t\u00eb gjith\u00eb bot\u00ebn, n\u00ebse nuk nd\u00ebrmerren hapa p\u00ebr t\u00eb leht\u00ebsuar inflacionin"},"content":{"rendered":"<p>\u201cNjer\u00ebzit do t\u00eb dalin n\u00eb rrug\u00eb\u201d anemban\u00eb bot\u00ebn n\u00ebse nuk nd\u00ebrmerren hapa p\u00ebr t\u00eb mbrojtur shtresat m\u00eb vulnerab\u00ebl nga inflacioni, paralajm\u00ebroi t\u00eb m\u00ebrkur\u00ebn shefja e Fondit Monetar Nd\u00ebrkomb\u00ebtar (FMN), Kristalina Georgieva.<\/p>\n<p>\u201c\u00cbsht\u00eb e r\u00ebnd\u00ebsishme t\u00eb mbahet parasysh se ky ndikim i nd\u00ebrthurur i disa krizave t\u00eb nj\u00ebpasnj\u00ebshme, po teston durimin e njer\u00ebzve dhe mund\u00ebsit\u00eb e tyre p\u00ebr t\u2019u rikuperuar nga v\u00ebshtir\u00ebsit\u00eb. Dhe, n\u00ebse nuk nd\u00ebrmerrnen veprime konkrete p\u00ebr t\u00eb mb\u00ebshtetur shtresat m\u00eb vulnerab\u00ebl, do t\u00eb ket\u00eb pasoja,\u201d tha ajo p\u00ebr CNN.<\/p>\n<p>\u201cN\u00ebse nuk reduktojm\u00eb inflacionin, kjo do t\u00eb r\u00ebndoj\u00eb mbi shtresat m\u00eb vulnerab\u00ebl, sepse rritja stratosferike e \u00e7mimeve t\u00eb ushqimeve dhe t\u00eb energjis\u00eb p\u00ebr ata q\u00eb jan\u00eb n\u00eb gjendje m\u00eb t\u00eb mir\u00eb ekonomike \u00ebsht\u00eb thjesht nj\u00eb shqet\u00ebsim, por, p\u00ebr njer\u00ebzit e varf\u00ebr, \u00ebsht\u00eb nj\u00eb tragjedi. P\u00ebr k\u00ebt\u00eb arsye, duhet t\u00eb mendojm\u00eb s\u00eb pari p\u00ebr njer\u00ebzit e varf\u00ebr kur flasim p\u00ebr p\u00ebrballjen me inflacionin,\u201d tha Georgieva.<\/p>\n<p>Bankat qendrore n\u00eb mbar\u00eb bot\u00ebn nuk kan\u00eb \u201czgjidhje tjet\u00ebr\u201d ve\u00e7se t\u00eb rrisin normat e interesit, n\u00eb nj\u00eb p\u00ebrpjekje p\u00ebr t\u00eb luftuar inflacionin, shtoi ajo.<\/p>\n<p>\u201cPolitikat fiskale, n\u00ebse shkojn\u00eb bujarisht p\u00ebr t\u2019i ndihmuar t\u00eb gjith\u00eb, n\u00eb fakt do t\u00eb jen\u00eb duke penguar q\u00ebllimet e politik\u00ebs monetare. Ato do t\u00eb p\u00ebrb\u00ebnin armikun e politik\u00ebs monetare, sepse do t\u00eb rritnin k\u00ebrkes\u00ebn dhe kjo do t\u00eb shtonte akoma m\u00eb shum\u00eb \u00e7mimet. Si rrjedhoj\u00eb, do t\u00eb duheshin m\u00eb shum\u00eb shtr\u00ebngime t\u00eb politik\u00ebs monetare,\u201d tha shefja e FMN-s\u00eb. \u201cProblemi m\u00eb kritik me t\u00eb cilin p\u00ebrballemi \u00ebsht\u00eb rivendosja e kushteve t\u00eb nevojshme p\u00ebr rritje ekonomike, nd\u00ebrsa stabiliteti i \u00e7mimeve \u00ebsht\u00eb nj\u00eb parakusht kritik p\u00ebr k\u00ebt\u00eb,\u201d shtoi ajo.<\/p>\n<p>Ngjarjet q\u00eb kan\u00eb nxitur rritjen e \u00e7mimeve, kryesisht varianti Omicron i Covid-19 dhe pushtimi i Ukrain\u00ebs nga Rusia, e kan\u00eb \u201cb\u00ebr\u00eb inflacionin armikun ton\u00eb m\u00eb t\u00eb madh n\u00eb koh\u00ebt e sotme\u201d, tha shefja e FMN-s\u00eb.<\/p>\n<p>\u201cKy vit \u00ebsht\u00eb i v\u00ebshtir\u00eb, por viti i ardhsh\u00ebm do t\u00eb jet\u00eb akoma m\u00eb i v\u00ebshtir\u00eb. Pse? P\u00ebr shkak t\u00eb tronditjeve t\u00eb nj\u00ebpasnj\u00ebshme. N\u00eb vet\u00ebm tri vite t\u00eb shkurtra, kemi pasur pandemin\u00eb (e cila ende nuk ka mbaruar), luft\u00ebn, rritjen e \u00e7mimeve t\u00eb energjis\u00eb dhe t\u00eb ushqimeve p\u00ebr shkak t\u00eb pushtimit t\u00eb Ukrain\u00ebs, dhe t\u00eb gjitha k\u00ebto kan\u00eb rezultatuar n\u00eb nj\u00eb kriz\u00eb t\u00eb kostos s\u00eb jetes\u00ebs,\u201d tha ajo p\u00ebr CNN.<\/p>\n<p>Kur u pyet p\u00ebr rritjen e mb\u00ebshtetjes p\u00ebr kandidat\u00ebt e ekstremit t\u00eb djatht\u00eb n\u00eb vende si Italia dhe Suedia, Georgieva tha se ajo \u201cnuk \u00ebsht\u00eb e befasuar q\u00eb njer\u00ebzit jan\u00eb t\u00eb zem\u00ebruar. Ata jan\u00eb mbyllur n\u00eb sht\u00ebpit\u00eb e tyre p\u00ebr muaj me radh\u00eb. Ata shohin se \u00e7mimet po rriten n\u00eb m\u00ebnyr\u00eb dramatike. Dhe kjo \u00ebsht\u00eb arsyeja pse apeli im p\u00ebr politik\u00ebb\u00ebr\u00ebsit \u00ebsht\u00eb q\u00eb t\u00eb jen\u00eb t\u00eb v\u00ebmendsh\u00ebm.\u201d<\/p>\n<p>Shefja e FMN-s\u00eb tha se ngjarjet q\u00eb kan\u00eb nxitur rritjen e \u00e7mimeve, kryesisht varianti Omicron i Covid-19 dhe pushtimi i Ukrain\u00ebs nga Rusia, e kan\u00eb \u201cb\u00ebr\u00eb inflacionin armikun ton\u00eb m\u00eb t\u00eb madh n\u00eb koh\u00ebt e sotme\u201d.<\/p>\n<p>Do t\u00eb ket\u00eb \u201cnjer\u00ebz n\u00eb rrug\u00eb\u201d, tha ajo. \u201cN\u00ebse nuk jemi n\u00eb gjendje t\u00eb mbrojm\u00eb ndjenj\u00ebn e mbijetes\u00ebs dhe t\u00eb solidaritetit, kjo \u00ebsht\u00eb ajo q\u00eb do t\u00eb ndodh\u00eb.\u201d\/CNN<\/p>\n","protected":false},"excerpt":{"rendered":"<p>\u201cNjer\u00ebzit do t\u00eb dalin n\u00eb rrug\u00eb\u201d anemban\u00eb bot\u00ebn n\u00ebse nuk nd\u00ebrmerren hapa p\u00ebr t\u00eb mbrojtur shtresat m\u00eb vulnerab\u00ebl nga inflacioni, paralajm\u00ebroi t\u00eb m\u00ebrkur\u00ebn shefja e Fondit Monetar Nd\u00ebrkomb\u00ebtar (FMN), Kristalina Georgieva. \u201c\u00cbsht\u00eb e r\u00ebnd\u00ebsishme t\u00eb mbahet parasysh se ky ndikim i nd\u00ebrthurur i disa krizave t\u00eb nj\u00ebpasnj\u00ebshme, po teston durimin e njer\u00ebzve dhe mund\u00ebsit\u00eb e [&hellip;]<\/p>\n","protected":false},"author":2,"featured_media":20653,"comment_status":"open","ping_status":"open","sticky":false,"template":"","format":"standard","meta":{"footnotes":""},"categories":[10],"tags":[27],"class_list":{"0":"post-20652","1":"post","2":"type-post","3":"status-publish","4":"format-standard","5":"has-post-thumbnail","7":"category-ekonomia","8":"tag-lajme"},"_links":{"self":[{"href":"https:\/\/neutrale.al\/index.php\/wp-json\/wp\/v2\/posts\/20652","targetHints":{"allow":["GET"]}}],"collection":[{"href":"https:\/\/neutrale.al\/index.php\/wp-json\/wp\/v2\/posts"}],"about":[{"href":"https:\/\/neutrale.al\/index.php\/wp-json\/wp\/v2\/types\/post"}],"author":[{"embeddable":true,"href":"https:\/\/neutrale.al\/index.php\/wp-json\/wp\/v2\/users\/2"}],"replies":[{"embeddable":true,"href":"https:\/\/neutrale.al\/index.php\/wp-json\/wp\/v2\/comments?post=20652"}],"version-history":[{"count":1,"href":"https:\/\/neutrale.al\/index.php\/wp-json\/wp\/v2\/posts\/20652\/revisions"}],"predecessor-version":[{"id":20654,"href":"https:\/\/neutrale.al\/index.php\/wp-json\/wp\/v2\/posts\/20652\/revisions\/20654"}],"wp:featuredmedia":[{"embeddable":true,"href":"https:\/\/neutrale.al\/index.php\/wp-json\/wp\/v2\/media\/20653"}],"wp:attachment":[{"href":"https:\/\/neutrale.al\/index.php\/wp-json\/wp\/v2\/media?parent=20652"}],"wp:term":[{"taxonomy":"category","embeddable":true,"href":"https:\/\/neutrale.al\/index.php\/wp-json\/wp\/v2\/categories?post=20652"},{"taxonomy":"post_tag","embeddable":true,"href":"https:\/\/neutrale.al\/index.php\/wp-json\/wp\/v2\/tags?post=20652"}],"curies":[{"name":"wp","href":"https:\/\/api.w.org\/{rel}","templated":true}]}}