{"id":20636,"date":"2022-09-24T08:24:30","date_gmt":"2022-09-24T08:24:30","guid":{"rendered":"https:\/\/neutrale.al\/?p=20636"},"modified":"2022-09-24T08:24:30","modified_gmt":"2022-09-24T08:24:30","slug":"mobilizimi-ne-rusi-te-rinjte-largohen-drejt-beogradi-dhe-stambollit","status":"publish","type":"post","link":"https:\/\/neutrale.al\/index.php\/2022\/09\/24\/mobilizimi-ne-rusi-te-rinjte-largohen-drejt-beogradi-dhe-stambollit\/","title":{"rendered":"Mobilizimi n\u00eb Rusi\/ T\u00eb rinjt\u00eb largohen drejt Beogradi dhe Stambollit."},"content":{"rendered":"<p>K\u00ebshtu njofton Radio Europa e Lir\u00eb, duke theksuar se k\u00ebto dy destinacione jan\u00eb t\u00eb arrira p\u00ebr qytetar\u00ebt rus\u00eb.<\/p>\n<p>REL p\u00ebrcjell\u00eb nj\u00eb reportazh nga zbritja e shum\u00eb prej tyre n\u00eb aeroportin e Beogradit.<\/p>\n<p>Ja p\u00ebrshkrimi i shkurt\u00ebr&#8221;<\/p>\n<p>\ud83d\udcfd Rus\u00ebt aterojn\u00eb n\u00eb Beograd pas vendimit p\u00ebr mobilizim <\/p>\n<p>Nj\u00eb num\u00ebr i madh i qytetar\u00ebve po vazhdojn\u00eb t\u00eb largohen nga Rusia pas shpalljes s\u00eb mobilizimit t\u00eb pjessh\u00ebm. Beogradi dhe Stambolli jan\u00eb dy qytetet e vetme n\u00eb Evrop\u00eb q\u00eb nuk kan\u00eb nd\u00ebrprer\u00eb fluturimet, pasi Kremlini nisi pushtimin e Ukrain\u00ebs n\u00eb shkurt. Disa nga udh\u00ebtar\u00ebt nga Rusia treguan p\u00ebr Radion Evropa e Lir\u00eb p\u00ebr arsyet se pse u larguan nga shteti i tyre.<\/p>\n<p><img loading=\"lazy\" loading=\"lazy\" decoding=\"async\" src=\"https:\/\/neutrale.al\/wp-content\/uploads\/2022\/09\/79A87529-49B6-440D-BB12-9D1BE3D5EADC-300x262.jpeg\" alt=\"\" width=\"300\" height=\"262\" class=\"alignnone size-medium wp-image-20637\" srcset=\"https:\/\/neutrale.al\/wp-content\/uploads\/2022\/09\/79A87529-49B6-440D-BB12-9D1BE3D5EADC-300x262.jpeg 300w, https:\/\/neutrale.al\/wp-content\/uploads\/2022\/09\/79A87529-49B6-440D-BB12-9D1BE3D5EADC-1024x895.jpeg 1024w, https:\/\/neutrale.al\/wp-content\/uploads\/2022\/09\/79A87529-49B6-440D-BB12-9D1BE3D5EADC-768x671.jpeg 768w, https:\/\/neutrale.al\/wp-content\/uploads\/2022\/09\/79A87529-49B6-440D-BB12-9D1BE3D5EADC-860x752.jpeg 860w, https:\/\/neutrale.al\/wp-content\/uploads\/2022\/09\/79A87529-49B6-440D-BB12-9D1BE3D5EADC.jpeg 1080w\" sizes=\"auto, (max-width: 300px) 100vw, 300px\" \/><\/p>\n","protected":false},"excerpt":{"rendered":"<p>K\u00ebshtu njofton Radio Europa e Lir\u00eb, duke theksuar se k\u00ebto dy destinacione jan\u00eb t\u00eb arrira p\u00ebr qytetar\u00ebt rus\u00eb. REL p\u00ebrcjell\u00eb nj\u00eb reportazh nga zbritja e shum\u00eb prej tyre n\u00eb aeroportin e Beogradit. Ja p\u00ebrshkrimi i shkurt\u00ebr&#8221; \ud83d\udcfd Rus\u00ebt aterojn\u00eb n\u00eb Beograd pas vendimit p\u00ebr mobilizim Nj\u00eb num\u00ebr i madh i qytetar\u00ebve po vazhdojn\u00eb t\u00eb largohen [&hellip;]<\/p>\n","protected":false},"author":2,"featured_media":20638,"comment_status":"open","ping_status":"open","sticky":false,"template":"","format":"standard","meta":{"footnotes":""},"categories":[12],"tags":[27],"class_list":{"0":"post-20636","1":"post","2":"type-post","3":"status-publish","4":"format-standard","5":"has-post-thumbnail","7":"category-bota","8":"tag-lajme"},"_links":{"self":[{"href":"https:\/\/neutrale.al\/index.php\/wp-json\/wp\/v2\/posts\/20636","targetHints":{"allow":["GET"]}}],"collection":[{"href":"https:\/\/neutrale.al\/index.php\/wp-json\/wp\/v2\/posts"}],"about":[{"href":"https:\/\/neutrale.al\/index.php\/wp-json\/wp\/v2\/types\/post"}],"author":[{"embeddable":true,"href":"https:\/\/neutrale.al\/index.php\/wp-json\/wp\/v2\/users\/2"}],"replies":[{"embeddable":true,"href":"https:\/\/neutrale.al\/index.php\/wp-json\/wp\/v2\/comments?post=20636"}],"version-history":[{"count":1,"href":"https:\/\/neutrale.al\/index.php\/wp-json\/wp\/v2\/posts\/20636\/revisions"}],"predecessor-version":[{"id":20639,"href":"https:\/\/neutrale.al\/index.php\/wp-json\/wp\/v2\/posts\/20636\/revisions\/20639"}],"wp:featuredmedia":[{"embeddable":true,"href":"https:\/\/neutrale.al\/index.php\/wp-json\/wp\/v2\/media\/20638"}],"wp:attachment":[{"href":"https:\/\/neutrale.al\/index.php\/wp-json\/wp\/v2\/media?parent=20636"}],"wp:term":[{"taxonomy":"category","embeddable":true,"href":"https:\/\/neutrale.al\/index.php\/wp-json\/wp\/v2\/categories?post=20636"},{"taxonomy":"post_tag","embeddable":true,"href":"https:\/\/neutrale.al\/index.php\/wp-json\/wp\/v2\/tags?post=20636"}],"curies":[{"name":"wp","href":"https:\/\/api.w.org\/{rel}","templated":true}]}}