{"id":20536,"date":"2022-09-23T10:37:33","date_gmt":"2022-09-23T10:37:33","guid":{"rendered":"https:\/\/neutrale.al\/?p=20536"},"modified":"2022-09-23T10:37:33","modified_gmt":"2022-09-23T10:37:33","slug":"berisha-qeveria-ka-shkaterruar-sistemet-e-policise-per-te-zhdukur-provat-e-rames-balles-gjiknurit-veliajt-me-krimin","status":"publish","type":"post","link":"https:\/\/neutrale.al\/index.php\/2022\/09\/23\/berisha-qeveria-ka-shkaterruar-sistemet-e-policise-per-te-zhdukur-provat-e-rames-balles-gjiknurit-veliajt-me-krimin\/","title":{"rendered":"Berisha: Qeveria ka shkat\u00ebrruar sistemet e policis\u00eb p\u00ebr t\u00eb zhdukur provat e Ram\u00ebs, Ball\u00ebs, Gjiknurit, Veliajt me krimin"},"content":{"rendered":"<p>K\u00ebshtu ka deklaruar kreu i PD-s\u00eb Sali Berisha sot para mediave, n\u00eb konferenc\u00ebn e p\u00ebrjavshme p\u00ebr shtyp:<\/p>\n<p>N\u00eb nj\u00eb akt t\u00eb paprecedent, t\u00eb revanshit t\u00eb krimit n\u00eb k\u00ebt\u00eb vend dhe k\u00ebt\u00eb shtet, qeveria ka shkat\u00ebrruar t\u00eb gjitha sistemet e policis\u00eb. TIMS-in, databaz\u00ebn e policis\u00eb shkencore, e cila p\u00ebrmban \u00e7do gj\u00eb rreth kriminel\u00ebve dhe grupeve kriminale, ka shkat\u00ebrruar MEMEX-in dhe faktikisht kemi t\u00eb b\u00ebjm\u00eb me nj\u00eb asgj\u00ebsim total t\u00eb pun\u00ebs afro 30-vje\u00e7are t\u00eb Policis\u00eb s\u00eb Shtetit shqiptar.<\/p>\n<p>Shkat\u00ebrrimi i k\u00ebtyre sistemeve nuk ka asnj\u00eb lidhje me sulmet e e-Albania.<\/p>\n<p>Shkat\u00ebrrimi i k\u00ebtyre sistemeve \u00ebsht\u00eb b\u00ebr\u00eb me q\u00ebllimin e vet\u00ebm p\u00ebr t\u00eb zhdukur provat q\u00eb ekzistojn\u00eb mbi lidhjet e tmerrshme t\u00eb krimit, p\u00ebr Edi Ram\u00ebn, Taulant Ball\u00ebn, Damian Gjiknurin, Erion Veliajn dhe qeveritar\u00eb t\u00eb tjer\u00eb.<\/p>\n<p>Duke asgj\u00ebsuar t\u00eb dh\u00ebnat e k\u00ebtyre sistemeve, jan\u00eb asgj\u00ebsuar provat materiale t\u00eb pakontestueshme t\u00eb k\u00ebtyre lidhjeve.<\/p>\n<p>Edhe n\u00eb rast se prokuroria, p\u00ebr aksident ka n\u00eb diskonim n\u00eb dosje t\u00eb dh\u00ebna t\u00eb tilla, ato validizohen vet\u00ebm duke u gjetur n\u00eb arkiv\u00ebn e tyre.<\/p>\n<p>D\u00ebnoj k\u00ebt\u00eb akt, nd\u00ebr m\u00eb t\u00eb pap\u00ebrgjegjshmit dhe m\u00eb t\u00eb rrezikshmit. Sot gjurm\u00ebt e gishtave t\u00eb \u00e7do shqiptari jan\u00eb n\u00eb \u00e7do vend q\u00eb d\u00ebshiron t\u2019i ket\u00eb.<\/p>\n<p>Sot, asgj\u00eb, asnj\u00eb urdh\u00ebr nuk mund t\u00eb zbatohet m\u00eb, bazuar n\u00eb dokumentim shkencor.<\/p>\n<p>E sigurt \u00ebsht\u00eb se ky \u00ebsht\u00eb nj\u00eb bashk\u00ebpunim qeveritaro-policesk, ky \u00ebsht\u00eb nj\u00eb operacion i paprecedent n\u00eb ndonj\u00eb vend, p\u00ebrve\u00e7se n\u00eb shtetin e mafias, n\u00eb Shqip\u00ebri.<\/p>\n","protected":false},"excerpt":{"rendered":"<p>K\u00ebshtu ka deklaruar kreu i PD-s\u00eb Sali Berisha sot para mediave, n\u00eb konferenc\u00ebn e p\u00ebrjavshme p\u00ebr shtyp: N\u00eb nj\u00eb akt t\u00eb paprecedent, t\u00eb revanshit t\u00eb krimit n\u00eb k\u00ebt\u00eb vend dhe k\u00ebt\u00eb shtet, qeveria ka shkat\u00ebrruar t\u00eb gjitha sistemet e policis\u00eb. TIMS-in, databaz\u00ebn e policis\u00eb shkencore, e cila p\u00ebrmban \u00e7do gj\u00eb rreth kriminel\u00ebve dhe grupeve kriminale, [&hellip;]<\/p>\n","protected":false},"author":2,"featured_media":20538,"comment_status":"open","ping_status":"open","sticky":false,"template":"","format":"standard","meta":{"footnotes":""},"categories":[118,9],"tags":[],"class_list":{"0":"post-20536","1":"post","2":"type-post","3":"status-publish","4":"format-standard","5":"has-post-thumbnail","7":"category-kryesore","8":"category-politika"},"_links":{"self":[{"href":"https:\/\/neutrale.al\/index.php\/wp-json\/wp\/v2\/posts\/20536","targetHints":{"allow":["GET"]}}],"collection":[{"href":"https:\/\/neutrale.al\/index.php\/wp-json\/wp\/v2\/posts"}],"about":[{"href":"https:\/\/neutrale.al\/index.php\/wp-json\/wp\/v2\/types\/post"}],"author":[{"embeddable":true,"href":"https:\/\/neutrale.al\/index.php\/wp-json\/wp\/v2\/users\/2"}],"replies":[{"embeddable":true,"href":"https:\/\/neutrale.al\/index.php\/wp-json\/wp\/v2\/comments?post=20536"}],"version-history":[{"count":1,"href":"https:\/\/neutrale.al\/index.php\/wp-json\/wp\/v2\/posts\/20536\/revisions"}],"predecessor-version":[{"id":20539,"href":"https:\/\/neutrale.al\/index.php\/wp-json\/wp\/v2\/posts\/20536\/revisions\/20539"}],"wp:featuredmedia":[{"embeddable":true,"href":"https:\/\/neutrale.al\/index.php\/wp-json\/wp\/v2\/media\/20538"}],"wp:attachment":[{"href":"https:\/\/neutrale.al\/index.php\/wp-json\/wp\/v2\/media?parent=20536"}],"wp:term":[{"taxonomy":"category","embeddable":true,"href":"https:\/\/neutrale.al\/index.php\/wp-json\/wp\/v2\/categories?post=20536"},{"taxonomy":"post_tag","embeddable":true,"href":"https:\/\/neutrale.al\/index.php\/wp-json\/wp\/v2\/tags?post=20536"}],"curies":[{"name":"wp","href":"https:\/\/api.w.org\/{rel}","templated":true}]}}