{"id":20522,"date":"2022-09-23T09:30:15","date_gmt":"2022-09-23T09:30:15","guid":{"rendered":"https:\/\/neutrale.al\/?p=20522"},"modified":"2022-09-23T09:30:15","modified_gmt":"2022-09-23T09:30:15","slug":"rama-parku-i-aventurave-ne-shishtavec","status":"publish","type":"post","link":"https:\/\/neutrale.al\/index.php\/2022\/09\/23\/rama-parku-i-aventurave-ne-shishtavec\/","title":{"rendered":"Rama: Parku i Aventurave n\u00eb Shishtavec."},"content":{"rendered":"<p>Lajmin e b\u00ebn me dije kryeministri Edi Rama n\u00eb rrjetet sociale:<\/p>\n<p>MIR\u00cbM\u00cbNGJES \ud83d\ude0a<\/p>\n<p>dhe nga Shishtaveci i Kuk\u00ebsit ku po merr jet\u00eb \u201cParku i Aventurave\u201d, nj\u00eb mund\u00ebsi e art\u00eb p\u00ebr zhvillimin e turizmit n\u00eb k\u00ebt\u00eb k\u00ebnd t\u00eb Shqip\u00ebris\u00eb, ju uroj nj\u00eb dit\u00eb t\u00eb bukur\ud83d\ude4f<\/p>\n<p><img loading=\"lazy\" loading=\"lazy\" decoding=\"async\" src=\"https:\/\/neutrale.al\/wp-content\/uploads\/2022\/09\/C315F811-6A3C-4CF6-B3AE-E91772532302-300x225.jpeg\" alt=\"\" width=\"300\" height=\"225\" class=\"alignnone size-medium wp-image-20523\" srcset=\"https:\/\/neutrale.al\/wp-content\/uploads\/2022\/09\/C315F811-6A3C-4CF6-B3AE-E91772532302-300x225.jpeg 300w, https:\/\/neutrale.al\/wp-content\/uploads\/2022\/09\/C315F811-6A3C-4CF6-B3AE-E91772532302-768x576.jpeg 768w, https:\/\/neutrale.al\/wp-content\/uploads\/2022\/09\/C315F811-6A3C-4CF6-B3AE-E91772532302-860x645.jpeg 860w, https:\/\/neutrale.al\/wp-content\/uploads\/2022\/09\/C315F811-6A3C-4CF6-B3AE-E91772532302.jpeg 960w\" sizes=\"auto, (max-width: 300px) 100vw, 300px\" \/><\/p>\n<p><img loading=\"lazy\" loading=\"lazy\" decoding=\"async\" src=\"https:\/\/neutrale.al\/wp-content\/uploads\/2022\/09\/EBE4B995-89C0-4F4E-8A20-F7C8800518B6-300x144.jpeg\" alt=\"\" width=\"300\" height=\"144\" class=\"alignnone size-medium wp-image-20524\" srcset=\"https:\/\/neutrale.al\/wp-content\/uploads\/2022\/09\/EBE4B995-89C0-4F4E-8A20-F7C8800518B6-300x144.jpeg 300w, https:\/\/neutrale.al\/wp-content\/uploads\/2022\/09\/EBE4B995-89C0-4F4E-8A20-F7C8800518B6-1024x490.jpeg 1024w, https:\/\/neutrale.al\/wp-content\/uploads\/2022\/09\/EBE4B995-89C0-4F4E-8A20-F7C8800518B6-768x368.jpeg 768w, https:\/\/neutrale.al\/wp-content\/uploads\/2022\/09\/EBE4B995-89C0-4F4E-8A20-F7C8800518B6-860x412.jpeg 860w, https:\/\/neutrale.al\/wp-content\/uploads\/2022\/09\/EBE4B995-89C0-4F4E-8A20-F7C8800518B6.jpeg 1080w\" sizes=\"auto, (max-width: 300px) 100vw, 300px\" \/><\/p>\n","protected":false},"excerpt":{"rendered":"<p>Lajmin e b\u00ebn me dije kryeministri Edi Rama n\u00eb rrjetet sociale: MIR\u00cbM\u00cbNGJES \ud83d\ude0a dhe nga Shishtaveci i Kuk\u00ebsit ku po merr jet\u00eb \u201cParku i Aventurave\u201d, nj\u00eb mund\u00ebsi e art\u00eb p\u00ebr zhvillimin e turizmit n\u00eb k\u00ebt\u00eb k\u00ebnd t\u00eb Shqip\u00ebris\u00eb, ju uroj nj\u00eb dit\u00eb t\u00eb bukur\ud83d\ude4f<\/p>\n","protected":false},"author":2,"featured_media":20525,"comment_status":"open","ping_status":"open","sticky":false,"template":"","format":"standard","meta":{"footnotes":""},"categories":[118],"tags":[],"class_list":{"0":"post-20522","1":"post","2":"type-post","3":"status-publish","4":"format-standard","5":"has-post-thumbnail","7":"category-kryesore"},"_links":{"self":[{"href":"https:\/\/neutrale.al\/index.php\/wp-json\/wp\/v2\/posts\/20522","targetHints":{"allow":["GET"]}}],"collection":[{"href":"https:\/\/neutrale.al\/index.php\/wp-json\/wp\/v2\/posts"}],"about":[{"href":"https:\/\/neutrale.al\/index.php\/wp-json\/wp\/v2\/types\/post"}],"author":[{"embeddable":true,"href":"https:\/\/neutrale.al\/index.php\/wp-json\/wp\/v2\/users\/2"}],"replies":[{"embeddable":true,"href":"https:\/\/neutrale.al\/index.php\/wp-json\/wp\/v2\/comments?post=20522"}],"version-history":[{"count":1,"href":"https:\/\/neutrale.al\/index.php\/wp-json\/wp\/v2\/posts\/20522\/revisions"}],"predecessor-version":[{"id":20526,"href":"https:\/\/neutrale.al\/index.php\/wp-json\/wp\/v2\/posts\/20522\/revisions\/20526"}],"wp:featuredmedia":[{"embeddable":true,"href":"https:\/\/neutrale.al\/index.php\/wp-json\/wp\/v2\/media\/20525"}],"wp:attachment":[{"href":"https:\/\/neutrale.al\/index.php\/wp-json\/wp\/v2\/media?parent=20522"}],"wp:term":[{"taxonomy":"category","embeddable":true,"href":"https:\/\/neutrale.al\/index.php\/wp-json\/wp\/v2\/categories?post=20522"},{"taxonomy":"post_tag","embeddable":true,"href":"https:\/\/neutrale.al\/index.php\/wp-json\/wp\/v2\/tags?post=20522"}],"curies":[{"name":"wp","href":"https:\/\/api.w.org\/{rel}","templated":true}]}}