{"id":20516,"date":"2022-09-23T09:27:48","date_gmt":"2022-09-23T09:27:48","guid":{"rendered":"https:\/\/neutrale.al\/?p=20516"},"modified":"2022-09-23T09:27:48","modified_gmt":"2022-09-23T09:27:48","slug":"veliaj-me-ish-presidenten-e-kosoves-atifete-jahjaga-do-mbeshtesim-fondacionin-per-te-drejtat-e-grave","status":"publish","type":"post","link":"https:\/\/neutrale.al\/index.php\/2022\/09\/23\/veliaj-me-ish-presidenten-e-kosoves-atifete-jahjaga-do-mbeshtesim-fondacionin-per-te-drejtat-e-grave\/","title":{"rendered":"Veliaj: Me ish-Presidenten e Kosov\u00ebs Atifete Jahjaga, do mb\u00ebshtesim fondacionin p\u00ebr t\u00eb drejtat e Grave."},"content":{"rendered":"<p>K\u00ebshtu shkruan n\u00eb rrjetet sociale kryebashkiaku i Tiran\u00ebs Erion Veliaj:<\/p>\n<p>Shum\u00eb i lumtur \ud83d\ude0a t\u00eb prisja n\u00eb Tiran\u00eb, ish-Presidenten e Kosov\u00ebs, miken time t\u00eb mir\u00eb, Atifete Jahjaga!<\/p>\n<p>Tirana do ta mb\u00ebshtes\u00eb fondacionin &#8220;Jahjaga&#8221;, q\u00eb punon fort e me p\u00ebrkushtim p\u00ebr fuqizimin dhe mbrojtjen t\u00eb drejtave t\u00eb grave. \ud83c\udde6\ud83c\uddf1\u2764\ufe0f\ud83c\uddfd\ud83c\uddf0 Bashk\u00eb!<\/p>\n","protected":false},"excerpt":{"rendered":"<p>K\u00ebshtu shkruan n\u00eb rrjetet sociale kryebashkiaku i Tiran\u00ebs Erion Veliaj: Shum\u00eb i lumtur \ud83d\ude0a t\u00eb prisja n\u00eb Tiran\u00eb, ish-Presidenten e Kosov\u00ebs, miken time t\u00eb mir\u00eb, Atifete Jahjaga! Tirana do ta mb\u00ebshtes\u00eb fondacionin &#8220;Jahjaga&#8221;, q\u00eb punon fort e me p\u00ebrkushtim p\u00ebr fuqizimin dhe mbrojtjen t\u00eb drejtave t\u00eb grave. \ud83c\udde6\ud83c\uddf1\u2764\ufe0f\ud83c\uddfd\ud83c\uddf0 Bashk\u00eb!<\/p>\n","protected":false},"author":2,"featured_media":20517,"comment_status":"open","ping_status":"open","sticky":false,"template":"","format":"standard","meta":{"footnotes":""},"categories":[9],"tags":[27],"class_list":{"0":"post-20516","1":"post","2":"type-post","3":"status-publish","4":"format-standard","5":"has-post-thumbnail","7":"category-politika","8":"tag-lajme"},"_links":{"self":[{"href":"https:\/\/neutrale.al\/index.php\/wp-json\/wp\/v2\/posts\/20516","targetHints":{"allow":["GET"]}}],"collection":[{"href":"https:\/\/neutrale.al\/index.php\/wp-json\/wp\/v2\/posts"}],"about":[{"href":"https:\/\/neutrale.al\/index.php\/wp-json\/wp\/v2\/types\/post"}],"author":[{"embeddable":true,"href":"https:\/\/neutrale.al\/index.php\/wp-json\/wp\/v2\/users\/2"}],"replies":[{"embeddable":true,"href":"https:\/\/neutrale.al\/index.php\/wp-json\/wp\/v2\/comments?post=20516"}],"version-history":[{"count":1,"href":"https:\/\/neutrale.al\/index.php\/wp-json\/wp\/v2\/posts\/20516\/revisions"}],"predecessor-version":[{"id":20518,"href":"https:\/\/neutrale.al\/index.php\/wp-json\/wp\/v2\/posts\/20516\/revisions\/20518"}],"wp:featuredmedia":[{"embeddable":true,"href":"https:\/\/neutrale.al\/index.php\/wp-json\/wp\/v2\/media\/20517"}],"wp:attachment":[{"href":"https:\/\/neutrale.al\/index.php\/wp-json\/wp\/v2\/media?parent=20516"}],"wp:term":[{"taxonomy":"category","embeddable":true,"href":"https:\/\/neutrale.al\/index.php\/wp-json\/wp\/v2\/categories?post=20516"},{"taxonomy":"post_tag","embeddable":true,"href":"https:\/\/neutrale.al\/index.php\/wp-json\/wp\/v2\/tags?post=20516"}],"curies":[{"name":"wp","href":"https:\/\/api.w.org\/{rel}","templated":true}]}}