{"id":20412,"date":"2022-09-22T15:33:07","date_gmt":"2022-09-22T15:33:07","guid":{"rendered":"https:\/\/neutrale.al\/?p=20412"},"modified":"2022-09-22T15:33:07","modified_gmt":"2022-09-22T15:33:07","slug":"largime-nga-rusia-cmimi-i-biletave-arrin-9-mije-dollare","status":"publish","type":"post","link":"https:\/\/neutrale.al\/index.php\/2022\/09\/22\/largime-nga-rusia-cmimi-i-biletave-arrin-9-mije-dollare\/","title":{"rendered":"Largime nga Rusia, \u00e7mimi i biletave arrin 9 mij\u00eb dollar\u00eb"},"content":{"rendered":"<p>Rusia po kryen rekrutimet m\u00eb t\u00eb m\u00ebdha ushtarake q\u00eb nga Lufta e Dyt\u00eb Bot\u00ebrore. Vendimi p\u00ebr mobilizim i presidentit Vladimir Putin u p\u00ebrcoll me protesta e arrestime n\u00eb 38 qytete ruse dhe interesim t\u00eb madh t\u00eb qytetar\u00ebve p\u00ebr p\u00ebr t\u2019u larguar nga Rusia.<\/p>\n<p>T\u00eb frik\u00ebsuar se mos thirren p\u00ebr t\u00eb luftuar n\u00eb Ukrain\u00eb, nj\u00eb num\u00ebr i madh rus\u00ebsh nxituan t\u00eb rezervojn\u00eb bileta nj\u00eb-drejtimshe p\u00ebr t\u00eb ikur nga vendi.<\/p>\n<p>Paniku erdhi pas vendimit t\u00eb presidentit Vladimir Putin p\u00ebr mobilizim t\u00eb pjessh\u00ebm t\u00eb rezervist\u00ebve p\u00ebr luft\u00ebn n\u00eb Ukrain\u00eb, i pari i Rusis\u00eb q\u00eb nga Lufta e Dyt\u00eb Bot\u00ebrore.<\/p>\n<p>300 mij\u00eb rekrut\u00eb pritet t\u2019i bashkohen ushtris\u00eb ruse. Menj\u00ebher\u00eb pas vendimit qytetar\u00ebt nis\u00ebn t\u00eb marrin thirrjet, tha nj\u00eb avokat i t\u00eb drejtave t\u00eb njeriut.<\/p>\n<p>Protestat shp\u00ebrthyen n\u00eb 38 qytete ruse nd\u00ebrsa policia arrestoi rreth 1 mij\u00eb e 400 persona.<\/p>\n<p>\u00c7mimet e biletave t\u00eb fluturimit arrit\u00ebn kulmin. Qytetar\u00ebt frik\u00ebsohen se Moska mund t\u00eb ndaloj\u00eb fluturimet jasht\u00eb vendit.<\/p>\n<p>T\u00eb dh\u00ebnat e platform\u00ebs Google tregojn\u00eb nj\u00eb rritje t\u00eb k\u00ebrkimeve p\u00ebr \u201cAviasales\u201d, faqja m\u00eb e njohur ruse p\u00ebr rezervimin e biletave t\u00eb udh\u00ebtimit.Air Serbia\u201d, kompania e vetme evropiane p\u00ebrve\u00e7 asaj turke \u201cTurkish Airlines\u201d q\u00eb kryen udh\u00ebtime nga Rusia pavar\u00ebsisht embargos t\u00eb vendosur nga Bashkimi Evropian, shiti me shpejt\u00ebsi biltetat p\u00ebr dit\u00ebt e ardhshme, nd\u00ebra \u00e7mimet p\u00ebr fluturime nga Moska n\u00eb Stamboll, ose Dubai kan\u00eb arritur deri n\u00eb mbi 9 mij\u00eb dollar\u00eb, p\u00ebr nj\u00eb bilet\u00eb nj\u00eb-drejtimshe t\u00eb klasit ekonomik.<\/p>\n<p>\u201c\u00c7do njeri normal \u00ebsht\u00eb i shqet\u00ebsuar. Lufta \u00ebsht\u00eb e tmerrshme. \u00cbsht\u00eb normale t\u00eb frik\u00ebsohesh nga lufta dhe vdekja\u201d,\u00a0tha Sergey, nj\u00eb rus q\u00eb u largua drejt Beogradit.<\/p>\n<p>Rus\u00ebt mund t\u00eb hyjn\u00eb n\u00eb Serbi pa viz\u00eb. Beogradi nuk u \u00ebsht\u00eb bashkuar sanksioneve per\u00ebndimore kund\u00ebr Mosk\u00ebs p\u00ebr t\u00eb d\u00ebnuar agresionin rus kund\u00ebr Ukrain\u00ebs.<\/p>\n<p>Nd\u00ebrkoh\u00eb, m\u00eb shum\u00eb se 100 pasagjer\u00eb rus\u00eb mb\u00ebrrit\u00ebn n\u00eb Stamboll t\u00eb enjten. Nj\u00ebri prej tyre tha se vendimi i Kremlinit e shtyu t\u00eb largohet nga vendi.<\/p>\n<p>\u201cMobilizimi i pjessh\u00ebm \u00ebsht\u00eb nj\u00eb nga arsyet pse jam k\u00ebtu. Nj\u00eb vendim i gabuar q\u00eb mund t\u00eb shkaktoj\u00eb probleme p\u00ebr shum\u00eb qytetar\u00eb rus\u00eb\u201d,\u00a0tha Alexi.<\/p>\n<p>Ai udh\u00ebtoi i vet\u00ebm me nj\u00eb \u00e7ant\u00eb dore n\u00eb nj\u00eb fluturim t\u00eb hersh\u00ebm t\u00eb kompanis\u00eb Turkish Airlines.<br \/>\n&#8220;Jam i shqet\u00ebsuar. Nuk e besoja se hapi i radh\u00ebs do t\u00eb jet\u00eb mobizilimi dhe mendoj se jo shum\u00eb rus\u00eb duan t\u00eb luftojn\u00eb, t\u00eb mobilizohen dhe t\u00eb shkojn\u00eb n\u00eb ushtri\u201d,\u00a0tha ai.<\/p>\n<p>Nj\u00eb qytetar tjet\u00ebr rus arriti n\u00eb Turqi me gruan dhe vajz\u00ebn.<\/p>\n<p>\u201cMobilizimi ishte i pashmangsh\u00ebm sepse kishte mungesa n\u00eb njer\u00ebz. Nuk jam i shqet\u00ebsuar, sepse jam 59 vje\u00e7ar nd\u00ebrsa djali im jeton jasht\u00eb vendit\u201d,\u00a0tha Vasiliy.<\/p>\n<p>Kremlini nuk pranoi t\u00eb komentonte n\u00ebse kufijt\u00eb do t\u00eb mbyllen p\u00ebr ata q\u00eb i n\u00ebnshtrohen urdhrit t\u00eb mobilizimit, nd\u00ebrsa u k\u00ebrkoi banor\u00ebve t\u00eb jen\u00eb t\u00eb duruar deri n\u00eb sqarimin e ligjit.<\/p>\n<p>Ministri rus i Mbrojtjes tha se ushtria po th\u00ebrret njer\u00ebz me p\u00ebrvoj\u00eb dhe specialist\u00eb.<\/p>\n<p>Por ka pak qart\u00ebsi se kush futet n\u00eb k\u00ebto kategori. Personat me aft\u00ebsi mjek\u00ebsore duket se jan\u00eb m\u00eb t\u00eb k\u00ebrkuarit pasi nj\u00eb num\u00ebr i madh mjek\u00ebsh n\u00eb Mosk\u00eb kan\u00eb morr\u00eb urdhra mobilizimi.\/ VOA<\/p>\n","protected":false},"excerpt":{"rendered":"<p>Rusia po kryen rekrutimet m\u00eb t\u00eb m\u00ebdha ushtarake q\u00eb nga Lufta e Dyt\u00eb Bot\u00ebrore. Vendimi p\u00ebr mobilizim i presidentit Vladimir Putin u p\u00ebrcoll me protesta e arrestime n\u00eb 38 qytete ruse dhe interesim t\u00eb madh t\u00eb qytetar\u00ebve p\u00ebr p\u00ebr t\u2019u larguar nga Rusia. T\u00eb frik\u00ebsuar se mos thirren p\u00ebr t\u00eb luftuar n\u00eb Ukrain\u00eb, nj\u00eb num\u00ebr [&hellip;]<\/p>\n","protected":false},"author":2,"featured_media":20413,"comment_status":"open","ping_status":"open","sticky":false,"template":"","format":"standard","meta":{"footnotes":""},"categories":[12],"tags":[27],"class_list":{"0":"post-20412","1":"post","2":"type-post","3":"status-publish","4":"format-standard","5":"has-post-thumbnail","7":"category-bota","8":"tag-lajme"},"_links":{"self":[{"href":"https:\/\/neutrale.al\/index.php\/wp-json\/wp\/v2\/posts\/20412","targetHints":{"allow":["GET"]}}],"collection":[{"href":"https:\/\/neutrale.al\/index.php\/wp-json\/wp\/v2\/posts"}],"about":[{"href":"https:\/\/neutrale.al\/index.php\/wp-json\/wp\/v2\/types\/post"}],"author":[{"embeddable":true,"href":"https:\/\/neutrale.al\/index.php\/wp-json\/wp\/v2\/users\/2"}],"replies":[{"embeddable":true,"href":"https:\/\/neutrale.al\/index.php\/wp-json\/wp\/v2\/comments?post=20412"}],"version-history":[{"count":1,"href":"https:\/\/neutrale.al\/index.php\/wp-json\/wp\/v2\/posts\/20412\/revisions"}],"predecessor-version":[{"id":20414,"href":"https:\/\/neutrale.al\/index.php\/wp-json\/wp\/v2\/posts\/20412\/revisions\/20414"}],"wp:featuredmedia":[{"embeddable":true,"href":"https:\/\/neutrale.al\/index.php\/wp-json\/wp\/v2\/media\/20413"}],"wp:attachment":[{"href":"https:\/\/neutrale.al\/index.php\/wp-json\/wp\/v2\/media?parent=20412"}],"wp:term":[{"taxonomy":"category","embeddable":true,"href":"https:\/\/neutrale.al\/index.php\/wp-json\/wp\/v2\/categories?post=20412"},{"taxonomy":"post_tag","embeddable":true,"href":"https:\/\/neutrale.al\/index.php\/wp-json\/wp\/v2\/tags?post=20412"}],"curies":[{"name":"wp","href":"https:\/\/api.w.org\/{rel}","templated":true}]}}