{"id":20393,"date":"2022-09-22T13:11:09","date_gmt":"2022-09-22T13:11:09","guid":{"rendered":"https:\/\/neutrale.al\/?p=20393"},"modified":"2022-09-22T13:11:09","modified_gmt":"2022-09-22T13:11:09","slug":"rama-rruge-te-reja-krane-qafe-bote-ura-e-gajdarit-dhe","status":"publish","type":"post","link":"https:\/\/neutrale.al\/index.php\/2022\/09\/22\/rama-rruge-te-reja-krane-qafe-bote-ura-e-gajdarit-dhe\/","title":{"rendered":"Rama: Rrug\u00eb t\u00eb reja  Krane- Qaf\u00eb Bot\u00eb- Ura e Gajdarit dhe&#8230;"},"content":{"rendered":"<p>Kantiere p\u00ebr nd\u00ebrtim rrug\u00ebsh n\u00eb Sarand\u00eb.<\/p>\n<p>Lajmin e b\u00ebn me dije kryeministri Edi Rama n\u00eb rrjet sociale:<\/p>\n<p>\ud83c\udfd7\ufe0f\ud83d\udee3\ufe0fK\u00ebto jan\u00eb kantier\u00ebt e segmenteve rrugore Ura e Kranes\u00eb-Qaf\u00eb Bot\u00eb si dhe Ura e Kranes\u00eb-Ura e Gajdarit ku punimet po vazhdojn\u00eb me ritme t\u00eb shpejta dhe do t\u00eb p\u00ebrmir\u00ebsojn\u00eb aksesin me pik\u00ebn kufitare t\u00eb Qaf\u00eb Bot\u00ebs\ud83d\udc77\u200d\u2640\ufe0f\ud83d\udc77\ud83c\udffc<\/p>\n<p>\ud83c\udfd7\ufe0f\ud83d\udee3\ufe0f Paralelisht po punohet edhe p\u00ebr segmentin tjet\u00ebr rrugor Shijan-Ura e Gajdarit, vazhdim i aksit Kardhiq-Delvin\u00eb, q\u00eb do t\u00eb leht\u00ebsoj\u00eb qarkullimin drejt Sarand\u00ebs\ud83d\udc77\u200d\u2640\ufe0f\ud83d\udc77\ud83c\udffc<\/p>\n<p>Punimet p\u00ebrfshijn\u00eb zgjerimin, asfaltimin dhe rritjen e parametrave t\u00eb siguris\u00eb n\u00eb k\u00ebto segmente rrugore\ud83d\ude4f<\/p>\n<p>#T\u00ebBashkuarJoT\u00ebNdar\u00eb\ud83e\udef6<br \/>\n#Shqip\u00ebriaEArdhmjaJon\u00eb\u2600\ufe0f\ud83c\udde6\ud83c\uddf1<br \/>\n#SkaKoh\u00ebP\u00ebrPushim\ud83c\udfc3\u200d\u2640\ufe0f\ud83c\udfc3\ud83c\udffb\u200d\u2642\ufe0f<\/p>\n<p><img loading=\"lazy\" loading=\"lazy\" decoding=\"async\" src=\"https:\/\/neutrale.al\/wp-content\/uploads\/2022\/09\/275AB65A-0870-4B0A-B69E-0B56C859DE38-300x225.jpeg\" alt=\"\" width=\"300\" height=\"225\" class=\"alignnone size-medium wp-image-20394\" srcset=\"https:\/\/neutrale.al\/wp-content\/uploads\/2022\/09\/275AB65A-0870-4B0A-B69E-0B56C859DE38-300x225.jpeg 300w, https:\/\/neutrale.al\/wp-content\/uploads\/2022\/09\/275AB65A-0870-4B0A-B69E-0B56C859DE38-1024x768.jpeg 1024w, https:\/\/neutrale.al\/wp-content\/uploads\/2022\/09\/275AB65A-0870-4B0A-B69E-0B56C859DE38-768x576.jpeg 768w, https:\/\/neutrale.al\/wp-content\/uploads\/2022\/09\/275AB65A-0870-4B0A-B69E-0B56C859DE38-860x645.jpeg 860w, https:\/\/neutrale.al\/wp-content\/uploads\/2022\/09\/275AB65A-0870-4B0A-B69E-0B56C859DE38.jpeg 1080w\" sizes=\"auto, (max-width: 300px) 100vw, 300px\" \/><\/p>\n","protected":false},"excerpt":{"rendered":"<p>Kantiere p\u00ebr nd\u00ebrtim rrug\u00ebsh n\u00eb Sarand\u00eb. Lajmin e b\u00ebn me dije kryeministri Edi Rama n\u00eb rrjet sociale: \ud83c\udfd7\ufe0f\ud83d\udee3\ufe0fK\u00ebto jan\u00eb kantier\u00ebt e segmenteve rrugore Ura e Kranes\u00eb-Qaf\u00eb Bot\u00eb si dhe Ura e Kranes\u00eb-Ura e Gajdarit ku punimet po vazhdojn\u00eb me ritme t\u00eb shpejta dhe do t\u00eb p\u00ebrmir\u00ebsojn\u00eb aksesin me pik\u00ebn kufitare t\u00eb Qaf\u00eb Bot\u00ebs\ud83d\udc77\u200d\u2640\ufe0f\ud83d\udc77\ud83c\udffc \ud83c\udfd7\ufe0f\ud83d\udee3\ufe0f Paralelisht [&hellip;]<\/p>\n","protected":false},"author":2,"featured_media":20395,"comment_status":"open","ping_status":"open","sticky":false,"template":"","format":"standard","meta":{"footnotes":""},"categories":[118],"tags":[],"class_list":{"0":"post-20393","1":"post","2":"type-post","3":"status-publish","4":"format-standard","5":"has-post-thumbnail","7":"category-kryesore"},"_links":{"self":[{"href":"https:\/\/neutrale.al\/index.php\/wp-json\/wp\/v2\/posts\/20393","targetHints":{"allow":["GET"]}}],"collection":[{"href":"https:\/\/neutrale.al\/index.php\/wp-json\/wp\/v2\/posts"}],"about":[{"href":"https:\/\/neutrale.al\/index.php\/wp-json\/wp\/v2\/types\/post"}],"author":[{"embeddable":true,"href":"https:\/\/neutrale.al\/index.php\/wp-json\/wp\/v2\/users\/2"}],"replies":[{"embeddable":true,"href":"https:\/\/neutrale.al\/index.php\/wp-json\/wp\/v2\/comments?post=20393"}],"version-history":[{"count":1,"href":"https:\/\/neutrale.al\/index.php\/wp-json\/wp\/v2\/posts\/20393\/revisions"}],"predecessor-version":[{"id":20396,"href":"https:\/\/neutrale.al\/index.php\/wp-json\/wp\/v2\/posts\/20393\/revisions\/20396"}],"wp:featuredmedia":[{"embeddable":true,"href":"https:\/\/neutrale.al\/index.php\/wp-json\/wp\/v2\/media\/20395"}],"wp:attachment":[{"href":"https:\/\/neutrale.al\/index.php\/wp-json\/wp\/v2\/media?parent=20393"}],"wp:term":[{"taxonomy":"category","embeddable":true,"href":"https:\/\/neutrale.al\/index.php\/wp-json\/wp\/v2\/categories?post=20393"},{"taxonomy":"post_tag","embeddable":true,"href":"https:\/\/neutrale.al\/index.php\/wp-json\/wp\/v2\/tags?post=20393"}],"curies":[{"name":"wp","href":"https:\/\/api.w.org\/{rel}","templated":true}]}}