{"id":20346,"date":"2022-09-22T08:42:55","date_gmt":"2022-09-22T08:42:55","guid":{"rendered":"https:\/\/neutrale.al\/?p=20346"},"modified":"2022-09-22T08:42:55","modified_gmt":"2022-09-22T08:42:55","slug":"tirane-banesa-perfshihet-nga-flaket-humb-jeten-e-moshuara","status":"publish","type":"post","link":"https:\/\/neutrale.al\/index.php\/2022\/09\/22\/tirane-banesa-perfshihet-nga-flaket-humb-jeten-e-moshuara\/","title":{"rendered":"Tiran\u00eb\/ Banesa p\u00ebrfshihet nga flak\u00ebt, humb jet\u00ebn e moshuara."},"content":{"rendered":"<p>Nj\u00eb ngjarje e r\u00ebnd\u00eb ka ndodhur n\u00eb Tiran\u00eb, n\u00eb rrug\u00ebn &#8220;\u00c7elo Sinani&#8221;, ku \u00ebsht\u00eb p\u00ebrfshir\u00eb nga flak\u00ebt nj\u00eb banes\u00eb, duke humbur jet\u00ebn nj\u00eb e moshuar 80- vje\u00e7are.<\/p>\n<p>Njoftimi:<\/p>\n<p>M\u00eb dat\u00eb 22.09.2022, n\u00eb rrug\u00ebn \u201c\u00c7elo Sinani\u201d, ka r\u00ebn\u00eb zjarr n\u00eb banes\u00ebn e shtetasit M. L.<\/p>\n<p>Si pasoj\u00eb e p\u00ebrhapjes s\u00eb flak\u00ebve, ka nd\u00ebrruar jet\u00eb p\u00ebr shkak t\u00eb asfiksis\u00eb shtetasja V. M., 80 vje\u00e7e.<\/p>\n<p>Grupi hetimor \u00ebsht\u00eb n\u00eb vendngjarje dhe punon p\u00ebr sqarimin e rrethanave t\u00eb ngjarjes.<\/p>\n","protected":false},"excerpt":{"rendered":"<p>Nj\u00eb ngjarje e r\u00ebnd\u00eb ka ndodhur n\u00eb Tiran\u00eb, n\u00eb rrug\u00ebn &#8220;\u00c7elo Sinani&#8221;, ku \u00ebsht\u00eb p\u00ebrfshir\u00eb nga flak\u00ebt nj\u00eb banes\u00eb, duke humbur jet\u00ebn nj\u00eb e moshuar 80- vje\u00e7are. Njoftimi: M\u00eb dat\u00eb 22.09.2022, n\u00eb rrug\u00ebn \u201c\u00c7elo Sinani\u201d, ka r\u00ebn\u00eb zjarr n\u00eb banes\u00ebn e shtetasit M. L. Si pasoj\u00eb e p\u00ebrhapjes s\u00eb flak\u00ebve, ka nd\u00ebrruar jet\u00eb p\u00ebr shkak [&hellip;]<\/p>\n","protected":false},"author":2,"featured_media":20347,"comment_status":"open","ping_status":"open","sticky":false,"template":"","format":"standard","meta":{"footnotes":""},"categories":[117],"tags":[27],"class_list":{"0":"post-20346","1":"post","2":"type-post","3":"status-publish","4":"format-standard","5":"has-post-thumbnail","7":"category-aktualitet","8":"tag-lajme"},"_links":{"self":[{"href":"https:\/\/neutrale.al\/index.php\/wp-json\/wp\/v2\/posts\/20346","targetHints":{"allow":["GET"]}}],"collection":[{"href":"https:\/\/neutrale.al\/index.php\/wp-json\/wp\/v2\/posts"}],"about":[{"href":"https:\/\/neutrale.al\/index.php\/wp-json\/wp\/v2\/types\/post"}],"author":[{"embeddable":true,"href":"https:\/\/neutrale.al\/index.php\/wp-json\/wp\/v2\/users\/2"}],"replies":[{"embeddable":true,"href":"https:\/\/neutrale.al\/index.php\/wp-json\/wp\/v2\/comments?post=20346"}],"version-history":[{"count":1,"href":"https:\/\/neutrale.al\/index.php\/wp-json\/wp\/v2\/posts\/20346\/revisions"}],"predecessor-version":[{"id":20348,"href":"https:\/\/neutrale.al\/index.php\/wp-json\/wp\/v2\/posts\/20346\/revisions\/20348"}],"wp:featuredmedia":[{"embeddable":true,"href":"https:\/\/neutrale.al\/index.php\/wp-json\/wp\/v2\/media\/20347"}],"wp:attachment":[{"href":"https:\/\/neutrale.al\/index.php\/wp-json\/wp\/v2\/media?parent=20346"}],"wp:term":[{"taxonomy":"category","embeddable":true,"href":"https:\/\/neutrale.al\/index.php\/wp-json\/wp\/v2\/categories?post=20346"},{"taxonomy":"post_tag","embeddable":true,"href":"https:\/\/neutrale.al\/index.php\/wp-json\/wp\/v2\/tags?post=20346"}],"curies":[{"name":"wp","href":"https:\/\/api.w.org\/{rel}","templated":true}]}}