{"id":20343,"date":"2022-09-22T08:41:48","date_gmt":"2022-09-22T08:41:48","guid":{"rendered":"https:\/\/neutrale.al\/?p=20343"},"modified":"2022-09-22T08:41:48","modified_gmt":"2022-09-22T08:41:48","slug":"vendimi-i-qeverise-dyfishohet-ndihma-ekonomike-nga-1-tetori-kategorite-perfituese-manastirliu-komunikon","status":"publish","type":"post","link":"https:\/\/neutrale.al\/index.php\/2022\/09\/22\/vendimi-i-qeverise-dyfishohet-ndihma-ekonomike-nga-1-tetori-kategorite-perfituese-manastirliu-komunikon\/","title":{"rendered":"Vendimi i qeveris\u00eb: Dyfishohet ndihma ekonomike nga 1 tetori, kategorit\u00eb p\u00ebrfituese. Manastirliu komunikon&#8230;"},"content":{"rendered":"<p>Ministrja e Sh\u00ebndet\u00ebsis\u00eb Ogerta Manastirliu mbas mbledhjes s\u00eb qeveris\u00eb, njoftoi  vendimet e marra.<br \/>\nAjo tha se nga 1 tetori dyfishohet ndihma ekonomike dhe p\u00ebrfitojn\u00eb mbi 64 mij\u00eb familje.<\/p>\n<p>P\u00ebr personat me aft\u00ebsi t\u00eb kufizuar parashikohet nj\u00eb rritje e mb\u00ebshtetjes me 1 mij\u00eb lek\u00eb t\u00eb reja p\u00ebr p\u00ebrballuar \u00e7mimin e energjis\u00eb elektrike.<\/p>\n<p>Deklarata:<\/p>\n<p>\u201cNga data 1 tetor dyfishojm\u00eb mas\u00ebn e pages\u00ebs p\u00ebr ndihm\u00ebn ekonomike p\u00ebr grat\u00eb kryefamiljare q\u00eb kan\u00eb dy f\u00ebmij\u00eb. 5700 gra kryefamiljare q\u00eb do t\u00eb p\u00ebrfitojn\u00eb dyfishimin e pages\u00ebs ekonomike. P\u00ebr familjet me m\u00eb shum\u00eb tre f\u00ebmij\u00eb rritja do t\u00eb filloj\u00eb nga 1 janari.<\/p>\n<p>Dyfishojm\u00eb pages\u00ebn e ndihm\u00ebs ekonomike p\u00ebr t\u00eb moshuarit q\u00eb jan\u00eb pa pension pleq\u00ebrie, m\u00eb shum\u00eb se 65 vje\u00e7. Jan\u00eb m\u00eb shum\u00eb se 5300 t\u00eb moshuar q\u00eb do t\u00eb p\u00ebrfitojn\u00eb. Mbi 64 mij\u00eb familje q\u00eb do t\u00eb p\u00ebrfitojn\u00eb nga paketa e ndihm\u00ebs ekonomike. \u00cbsht\u00eb nj\u00eb mb\u00ebshtetje q\u00eb do t\u00eb vijoj\u00eb t\u00eb jepet p\u00ebr nj\u00eb koh\u00eb t\u00eb gjat\u00eb.<\/p>\n<p>Pas indeksimimit me 7.5% p\u00ebr mb\u00ebshtetjen p\u00ebr personat me aft\u00ebsi t\u00eb kufizuar, nj\u00eb tjet\u00ebr vendim \u00ebsht\u00eb marr\u00eb nga qeveria p\u00ebr energjin\u00eb elektrike p\u00ebr personat t\u00eb cilat kan\u00eb status t\u00eb aft\u00ebsis\u00eb s\u00eb kufizuar, t\u00eb cil\u00ebve u rritet masa e mb\u00ebshtetjes p\u00ebr kompensimin e energjis\u00eb elektrike. Ata q\u00eb e kan\u00eb k\u00ebt\u00eb mas\u00eb mb\u00ebshtetje nga statusi shkon nga 2 mij\u00eb lek\u00eb t\u00eb reja n\u00eb 3 mij\u00eb lek\u00eb t\u00eb reja\u201d,\u00a0tha Manastirliu.<\/p>\n","protected":false},"excerpt":{"rendered":"<p>Ministrja e Sh\u00ebndet\u00ebsis\u00eb Ogerta Manastirliu mbas mbledhjes s\u00eb qeveris\u00eb, njoftoi vendimet e marra. Ajo tha se nga 1 tetori dyfishohet ndihma ekonomike dhe p\u00ebrfitojn\u00eb mbi 64 mij\u00eb familje. P\u00ebr personat me aft\u00ebsi t\u00eb kufizuar parashikohet nj\u00eb rritje e mb\u00ebshtetjes me 1 mij\u00eb lek\u00eb t\u00eb reja p\u00ebr p\u00ebrballuar \u00e7mimin e energjis\u00eb elektrike. Deklarata: \u201cNga data 1 [&hellip;]<\/p>\n","protected":false},"author":2,"featured_media":20344,"comment_status":"open","ping_status":"open","sticky":false,"template":"","format":"standard","meta":{"footnotes":""},"categories":[10,118],"tags":[],"class_list":{"0":"post-20343","1":"post","2":"type-post","3":"status-publish","4":"format-standard","5":"has-post-thumbnail","7":"category-ekonomia","8":"category-kryesore"},"_links":{"self":[{"href":"https:\/\/neutrale.al\/index.php\/wp-json\/wp\/v2\/posts\/20343","targetHints":{"allow":["GET"]}}],"collection":[{"href":"https:\/\/neutrale.al\/index.php\/wp-json\/wp\/v2\/posts"}],"about":[{"href":"https:\/\/neutrale.al\/index.php\/wp-json\/wp\/v2\/types\/post"}],"author":[{"embeddable":true,"href":"https:\/\/neutrale.al\/index.php\/wp-json\/wp\/v2\/users\/2"}],"replies":[{"embeddable":true,"href":"https:\/\/neutrale.al\/index.php\/wp-json\/wp\/v2\/comments?post=20343"}],"version-history":[{"count":1,"href":"https:\/\/neutrale.al\/index.php\/wp-json\/wp\/v2\/posts\/20343\/revisions"}],"predecessor-version":[{"id":20345,"href":"https:\/\/neutrale.al\/index.php\/wp-json\/wp\/v2\/posts\/20343\/revisions\/20345"}],"wp:featuredmedia":[{"embeddable":true,"href":"https:\/\/neutrale.al\/index.php\/wp-json\/wp\/v2\/media\/20344"}],"wp:attachment":[{"href":"https:\/\/neutrale.al\/index.php\/wp-json\/wp\/v2\/media?parent=20343"}],"wp:term":[{"taxonomy":"category","embeddable":true,"href":"https:\/\/neutrale.al\/index.php\/wp-json\/wp\/v2\/categories?post=20343"},{"taxonomy":"post_tag","embeddable":true,"href":"https:\/\/neutrale.al\/index.php\/wp-json\/wp\/v2\/tags?post=20343"}],"curies":[{"name":"wp","href":"https:\/\/api.w.org\/{rel}","templated":true}]}}