{"id":20263,"date":"2022-09-21T17:17:51","date_gmt":"2022-09-21T17:17:51","guid":{"rendered":"https:\/\/neutrale.al\/?p=20263"},"modified":"2022-09-21T17:17:51","modified_gmt":"2022-09-21T17:17:51","slug":"alibeaj-e-verteta-te-ben-te-lire","status":"publish","type":"post","link":"https:\/\/neutrale.al\/index.php\/2022\/09\/21\/alibeaj-e-verteta-te-ben-te-lire\/","title":{"rendered":"Alibeaj\/ E V\u00cbRTETA T\u00cb B\u00cbN T\u00cb LIR\u00cb !"},"content":{"rendered":"<p>N\u00eb k\u00ebt\u00eb frym\u00eb e trajton Enkelejd Alibeaj \u00e7\u00ebshtjen e hapjes s\u00eb dosjeve t\u00eb ish sigurimit t\u00eb shtetit.<\/p>\n<p>Hapja e dosjeve do heq mund\u00ebsin\u00eb e shantazhimit ndaj kujtdo q\u00eb n\u00eb rrethana t\u00eb caktuara ka hedhur nj\u00eb firm\u00eb. Koha ka treguar, shkruan ai, se shqiptar\u00ebt nuk jan\u00eb hakmarr\u00ebs dhe si t\u00eb till\u00eb nuk k\u00ebrkojn\u00eb shpagim&#8230;<\/p>\n<p>Ja postimi i tij: <\/p>\n<p>Diskutimi p\u00ebr deklasifikimin e dokumenteve t\u00eb ish-Sigurimit t\u00eb Shtetit, apo sic njihet n\u00eb opinionin e gjer\u00eb publik hapjen e dosjeve, ka qen\u00eb i pranish\u00ebm gjat\u00eb k\u00ebtyre 31 viteve n\u00eb tryeza t\u00eb ndryshme t\u00eb debatit publik, dhe \u00ebsht\u00eb kthyer gjithnj\u00eb si nj\u00eb nevoj\u00eb, mision dhe objektiv i parealizuar. <\/p>\n<p>Kuvendi i Shqip\u00ebris\u00eb ka b\u00ebr\u00eb disa p\u00ebrpjekje n\u00eb k\u00ebt\u00eb drejtim por ato kan\u00eb rezultuar t\u00eb pamjaftueshme p\u00ebr realizimin e zbardhjes t\u00ebr\u00ebsore t\u00eb dosjeve t\u00eb ish-Sigurimit t\u00eb Shtetit. <\/p>\n<p>M\u00ebsimi i t\u00eb v\u00ebrtet\u00ebs iu sh\u00ebrben jo vet\u00ebm atyre q\u00eb kan\u00eb qen\u00eb drejtp\u00ebrdrejt\u00eb subjekte t\u00eb dosjeve t\u00eb ish-Sigurimit t\u00eb Shtetit, por cdo qytetari shqiptar q\u00eb k\u00ebrkon t\u00eb njoh\u00eb dhe kuptoj\u00eb historin\u00eb e vendit t\u00eb tij, s\u00eb bashku me personazhet e tij. Mjetet dhe mekanzimat ligjore q\u00eb jan\u00eb sot n\u00eb dispozicion, nuk jan\u00eb t\u00eb mjaftuesh\u00ebm p\u00ebr realizimin e k\u00ebtij q\u00ebllimi.<\/p>\n<p>Hapja e plot\u00eb e dosjeve i heq mund\u00ebsin\u00eb pushtetit t\u00eb shantazhoj\u00eb, por nj\u00ebherazi \u00ebsht\u00eb shp\u00ebtim edhe per shpirtin e kujtdo q\u00eb shantazhohet.<\/p>\n<p>Prandaj, n\u00eb em\u00ebr t\u00eb Grupit Parlamentar t\u00eb Partis\u00eb Demokratike, forc\u00ebs politike q\u00eb lindi m\u00eb 8 dhjetor 1990, pik\u00ebrisht si nevoj\u00eb jetike p\u00ebr t\u2019i dh\u00ebn\u00eb fund regjimit komunist, paraqesim disa amendamente, me q\u00ebllim q\u00eb cdo qytetari t\u2019i jepet e drejta dhe mund\u00ebsia p\u00ebr t\u00eb njohur historin\u00eb e regjimit komunist, deri n\u00eb skutat m\u00eb t\u00eb err\u00ebta t\u00eb saj, q\u00eb mish\u00ebron m\u00eb s\u00eb miri nga ish-Sigurimi i Shtetit. <\/p>\n<p>Zbardhja e dokumenteve t\u00eb sigurimit fam\u00ebkeq  do t\u2019i sh\u00ebrbej\u00eb  kujtes\u00ebs historike t\u00eb popullit shqiptar, n\u00eb m\u00ebnyr\u00eb q\u00eb struktura dhe ngjarje t\u00eb tilla t\u00eb mos p\u00ebrs\u00ebriten kurr\u00eb m\u00eb n\u00eb t\u00eb ardhmen. <\/p>\n<p>Historia 31-vjecare postkomuniste ka provuar se shqiptar\u00ebt nuk jan\u00eb hakmarr\u00ebs, nuk k\u00ebrkojn\u00eb shpagim, nuk urrejn\u00eb, por k\u00ebrkojn\u00eb me ngulm t\u00eb din\u00eb t\u00eb v\u00ebrtet\u00ebn t\u00ebr\u00ebsore t\u00eb asaj q\u00eb kaluan n\u00eb Shqip\u00ebrin\u00eb burg t\u00eb viteve 1944 \u2013 1991. <\/p>\n<p>\u00cbsht\u00eb detyrimi yn\u00eb si ligjv\u00ebn\u00ebs t\u00eb Shqip\u00ebris\u00eb postkomuniste, q\u00eb t\u00eb nd\u00ebrtojm\u00eb mekanizmat ligjor\u00eb t\u00eb nevojsh\u00ebm, p\u00ebr t\u00eb realizuar k\u00ebt\u00eb t\u00eb drejt\u00eb kaq bazike, gjith\u00ebaq thelb\u00ebsore, p\u00ebr ata q\u00eb ne p\u00ebrfaq\u00ebsojm\u00eb n\u00eb Kuvendin e Shqip\u00ebris\u00eb. Kjo mund t\u00eb b\u00ebhet vet\u00ebm n\u00ebp\u00ebrmjet k\u00ebtij projektligji, duke i hapur rrug\u00eb deklasifikimit t\u00eb plot\u00eb t\u00eb t\u00eb gjitha dokumenteve t\u00eb ish-Sigurimit t\u00eb p\u00ebr periudh\u00ebn 29 n\u00ebntor 1944 deri n\u00eb 2 korrik 1991, dhe njohjes s\u00eb publikut me to.<\/p>\n<p>Amendamentet sjellin ndryshime n\u00eb dy dispozita t\u00eb projektligjit \u201cP\u00ebr informacionin e klasifikuar\u201d, p\u00ebrkat\u00ebsisht n\u00eb nenin 10 dhe nenin 22. N\u00eb nenin 10, shtohet pika 2, e cila sanksionon deklasifikimin e plot\u00eb t\u00eb t\u00eb gjitha dokumenteve t\u00eb ish-Sigurimit t\u00eb Shtetit, me p\u00ebrjashtim t\u00eb atyre q\u00eb lidhen me marr\u00ebdh\u00ebniet nd\u00ebrmjet shteteve dhe sigurin\u00eb komb\u00ebtare. Nd\u00ebrsa, n\u00eb nenin 22, pika 4\/1 sanksionohet detyrimi i institucioneve publike p\u00ebr t\u00eb publikuar bibliografin\u00eb e dokumenteve t\u00eb ish-Sigurimit t\u00eb deklasifikuara, si dhe detyrimi q\u00eb kopje t\u00eb k\u00ebtyre dokumenteve t\u2019i vihen n\u00eb dispozicion cdo personi t\u00eb interesuar me nj\u00eb k\u00ebrkes\u00eb t\u00eb thjesht\u00eb p\u00ebr informacion, n\u00eb p\u00ebrputhje me ligjin nr. 119\/2014 \u201cP\u00ebr t\u00eb drejt\u00ebn e informimit\u201d.<\/p>\n","protected":false},"excerpt":{"rendered":"<p>N\u00eb k\u00ebt\u00eb frym\u00eb e trajton Enkelejd Alibeaj \u00e7\u00ebshtjen e hapjes s\u00eb dosjeve t\u00eb ish sigurimit t\u00eb shtetit. Hapja e dosjeve do heq mund\u00ebsin\u00eb e shantazhimit ndaj kujtdo q\u00eb n\u00eb rrethana t\u00eb caktuara ka hedhur nj\u00eb firm\u00eb. Koha ka treguar, shkruan ai, se shqiptar\u00ebt nuk jan\u00eb hakmarr\u00ebs dhe si t\u00eb till\u00eb nuk k\u00ebrkojn\u00eb shpagim&#8230; Ja postimi [&hellip;]<\/p>\n","protected":false},"author":2,"featured_media":20264,"comment_status":"open","ping_status":"open","sticky":false,"template":"","format":"standard","meta":{"footnotes":""},"categories":[9],"tags":[27],"class_list":{"0":"post-20263","1":"post","2":"type-post","3":"status-publish","4":"format-standard","5":"has-post-thumbnail","7":"category-politika","8":"tag-lajme"},"_links":{"self":[{"href":"https:\/\/neutrale.al\/index.php\/wp-json\/wp\/v2\/posts\/20263","targetHints":{"allow":["GET"]}}],"collection":[{"href":"https:\/\/neutrale.al\/index.php\/wp-json\/wp\/v2\/posts"}],"about":[{"href":"https:\/\/neutrale.al\/index.php\/wp-json\/wp\/v2\/types\/post"}],"author":[{"embeddable":true,"href":"https:\/\/neutrale.al\/index.php\/wp-json\/wp\/v2\/users\/2"}],"replies":[{"embeddable":true,"href":"https:\/\/neutrale.al\/index.php\/wp-json\/wp\/v2\/comments?post=20263"}],"version-history":[{"count":1,"href":"https:\/\/neutrale.al\/index.php\/wp-json\/wp\/v2\/posts\/20263\/revisions"}],"predecessor-version":[{"id":20265,"href":"https:\/\/neutrale.al\/index.php\/wp-json\/wp\/v2\/posts\/20263\/revisions\/20265"}],"wp:featuredmedia":[{"embeddable":true,"href":"https:\/\/neutrale.al\/index.php\/wp-json\/wp\/v2\/media\/20264"}],"wp:attachment":[{"href":"https:\/\/neutrale.al\/index.php\/wp-json\/wp\/v2\/media?parent=20263"}],"wp:term":[{"taxonomy":"category","embeddable":true,"href":"https:\/\/neutrale.al\/index.php\/wp-json\/wp\/v2\/categories?post=20263"},{"taxonomy":"post_tag","embeddable":true,"href":"https:\/\/neutrale.al\/index.php\/wp-json\/wp\/v2\/tags?post=20263"}],"curies":[{"name":"wp","href":"https:\/\/api.w.org\/{rel}","templated":true}]}}