{"id":20180,"date":"2022-09-21T08:40:43","date_gmt":"2022-09-21T08:40:43","guid":{"rendered":"https:\/\/neutrale.al\/?p=20180"},"modified":"2022-09-21T08:40:43","modified_gmt":"2022-09-21T08:40:43","slug":"osmani-kerkon-permbyllje-urgjente-te-ceshtjes-se-vizave","status":"publish","type":"post","link":"https:\/\/neutrale.al\/index.php\/2022\/09\/21\/osmani-kerkon-permbyllje-urgjente-te-ceshtjes-se-vizave\/","title":{"rendered":"Osmani k\u00ebrkon p\u00ebrmbyllje \u201curgjente\u201d t\u00eb \u00e7\u00ebshtjes s\u00eb vizave"},"content":{"rendered":"<p>N\u00eb Nju Jork, Vjosa Osmani, tha se ka k\u00ebrkuar p\u00ebrmbyllje \u201curgjente\u201d t\u00eb \u00e7\u00ebshtjes s\u00eb liberalizimit t\u00eb vizave p\u00ebr qytetar\u00ebt e Kosov\u00ebs.<\/p>\n<p>Osmani tha se n\u00eb takimin n\u00eb Nju Jork ka potencuar edhe p\u00ebrkushtimin e Kosov\u00ebs p\u00ebr \u201cpaqe e stabilitet dhe p\u00ebr rrug\u00ebn euroatlantike\u201d.<\/p>\n<p>Sot n\u00eb takimin e organizuar nga p\u00ebrfaq\u00ebsuesi i Lart\u00eb i Bashkimit Evropian, Josep Borrell me krer\u00ebt e shteteve t\u00eb Ballkanit Per\u00ebndimor potencova p\u00ebrkushtimin e Kosov\u00ebs p\u00ebr paqe e stabilitet dhe p\u00ebr rrug\u00ebn e saj euroatlantike, k\u00ebrkova p\u00ebrmbyllje urgjente t\u00eb \u00e7\u00ebshtjes s\u00eb liberalizimit t\u00eb vizave dhe mb\u00ebshtetje nga BE-ja p\u00ebr tejkalimin e kriz\u00ebs energjetike k\u00ebt\u00eb dim\u00ebr, k\u00ebshtu shkruan Presidentja Osmani n\u00eb &#8220;Facebook&#8221;<\/p>\n<p><img loading=\"lazy\" loading=\"lazy\" decoding=\"async\" src=\"https:\/\/neutrale.al\/wp-content\/uploads\/2022\/09\/132150CF-5B67-47CA-8344-8DC9E2E9662B-238x300.jpeg\" alt=\"\" width=\"238\" height=\"300\" class=\"alignnone size-medium wp-image-20181\" srcset=\"https:\/\/neutrale.al\/wp-content\/uploads\/2022\/09\/132150CF-5B67-47CA-8344-8DC9E2E9662B-238x300.jpeg 238w, https:\/\/neutrale.al\/wp-content\/uploads\/2022\/09\/132150CF-5B67-47CA-8344-8DC9E2E9662B-811x1024.jpeg 811w, https:\/\/neutrale.al\/wp-content\/uploads\/2022\/09\/132150CF-5B67-47CA-8344-8DC9E2E9662B-768x969.jpeg 768w, https:\/\/neutrale.al\/wp-content\/uploads\/2022\/09\/132150CF-5B67-47CA-8344-8DC9E2E9662B-860x1085.jpeg 860w, https:\/\/neutrale.al\/wp-content\/uploads\/2022\/09\/132150CF-5B67-47CA-8344-8DC9E2E9662B.jpeg 1080w\" sizes=\"auto, (max-width: 238px) 100vw, 238px\" \/><\/p>\n","protected":false},"excerpt":{"rendered":"<p>N\u00eb Nju Jork, Vjosa Osmani, tha se ka k\u00ebrkuar p\u00ebrmbyllje \u201curgjente\u201d t\u00eb \u00e7\u00ebshtjes s\u00eb liberalizimit t\u00eb vizave p\u00ebr qytetar\u00ebt e Kosov\u00ebs. Osmani tha se n\u00eb takimin n\u00eb Nju Jork ka potencuar edhe p\u00ebrkushtimin e Kosov\u00ebs p\u00ebr \u201cpaqe e stabilitet dhe p\u00ebr rrug\u00ebn euroatlantike\u201d. Sot n\u00eb takimin e organizuar nga p\u00ebrfaq\u00ebsuesi i Lart\u00eb i Bashkimit Evropian, [&hellip;]<\/p>\n","protected":false},"author":2,"featured_media":20182,"comment_status":"open","ping_status":"open","sticky":false,"template":"","format":"standard","meta":{"footnotes":""},"categories":[6],"tags":[27],"class_list":{"0":"post-20180","1":"post","2":"type-post","3":"status-publish","4":"format-standard","5":"has-post-thumbnail","7":"category-rajoni","8":"tag-lajme"},"_links":{"self":[{"href":"https:\/\/neutrale.al\/index.php\/wp-json\/wp\/v2\/posts\/20180","targetHints":{"allow":["GET"]}}],"collection":[{"href":"https:\/\/neutrale.al\/index.php\/wp-json\/wp\/v2\/posts"}],"about":[{"href":"https:\/\/neutrale.al\/index.php\/wp-json\/wp\/v2\/types\/post"}],"author":[{"embeddable":true,"href":"https:\/\/neutrale.al\/index.php\/wp-json\/wp\/v2\/users\/2"}],"replies":[{"embeddable":true,"href":"https:\/\/neutrale.al\/index.php\/wp-json\/wp\/v2\/comments?post=20180"}],"version-history":[{"count":1,"href":"https:\/\/neutrale.al\/index.php\/wp-json\/wp\/v2\/posts\/20180\/revisions"}],"predecessor-version":[{"id":20183,"href":"https:\/\/neutrale.al\/index.php\/wp-json\/wp\/v2\/posts\/20180\/revisions\/20183"}],"wp:featuredmedia":[{"embeddable":true,"href":"https:\/\/neutrale.al\/index.php\/wp-json\/wp\/v2\/media\/20182"}],"wp:attachment":[{"href":"https:\/\/neutrale.al\/index.php\/wp-json\/wp\/v2\/media?parent=20180"}],"wp:term":[{"taxonomy":"category","embeddable":true,"href":"https:\/\/neutrale.al\/index.php\/wp-json\/wp\/v2\/categories?post=20180"},{"taxonomy":"post_tag","embeddable":true,"href":"https:\/\/neutrale.al\/index.php\/wp-json\/wp\/v2\/tags?post=20180"}],"curies":[{"name":"wp","href":"https:\/\/api.w.org\/{rel}","templated":true}]}}