{"id":20066,"date":"2022-09-20T13:22:00","date_gmt":"2022-09-20T13:22:00","guid":{"rendered":"https:\/\/neutrale.al\/?p=20066"},"modified":"2022-09-20T13:22:00","modified_gmt":"2022-09-20T13:22:00","slug":"meta-ridenojme-aktet-e-iranit-por-kryehakeruesi-eshte-edi-rama","status":"publish","type":"post","link":"https:\/\/neutrale.al\/index.php\/2022\/09\/20\/meta-ridenojme-aktet-e-iranit-por-kryehakeruesi-eshte-edi-rama\/","title":{"rendered":"Meta: Rid\u00ebnojm\u00eb aktet e Iranit, por kryehakeruesi \u00ebsht\u00eb Edi Rama."},"content":{"rendered":"<p>N\u00eb konferenc\u00ebn e sotme p\u00ebr shtyp ish presidenti Ilir Meta mbasi rid\u00ebnoi aktet e Iranit u shpreh se &#8220;Rama \u00ebsht\u00eb kryehakeruesi i sistemeve&#8221; dhe kjo u provua nga dalja e t\u00eb dh\u00ebnave personale t\u00eb gati 1 milion\u00eb shqiptar\u00ebve para zgjedhjeve dhe p\u00ebrdorimi i tyre nga patronazhist\u00ebt p\u00ebr q\u00ebllime elektorale.<br \/>\n\u201cDua t\u00eb them se rid\u00ebnojm\u00eb veprimet armiq\u00ebsore t\u00eb nxitura nga qeveria e Iranit kund\u00ebr sistemit ton\u00eb. K\u00ebrkojm\u00eb marrjen e masave t\u00eb menj\u00ebhershme p\u00ebr t\u00eb mbrojtur sistemin. Nuk mund t\u00eb mos n\u00ebnvizoj\u00eb q\u00eb n\u00eb fillim se kryehakeruesi i k\u00ebtij sistemi \u00ebsht\u00eb Edi Rama. Kjo u provua bot\u00ebrisht nga dalja e t\u00eb dh\u00ebnave personave t\u00eb gati 1 mln shqiptar\u00ebve para zgjedhjeve dhe p\u00ebrdorimi i tyre nga patronazhist\u00ebt p\u00ebr q\u00ebllime t\u00eb shantazhit elektoral\u201d, tha Meta.<\/p>\n","protected":false},"excerpt":{"rendered":"<p>N\u00eb konferenc\u00ebn e sotme p\u00ebr shtyp ish presidenti Ilir Meta mbasi rid\u00ebnoi aktet e Iranit u shpreh se &#8220;Rama \u00ebsht\u00eb kryehakeruesi i sistemeve&#8221; dhe kjo u provua nga dalja e t\u00eb dh\u00ebnave personale t\u00eb gati 1 milion\u00eb shqiptar\u00ebve para zgjedhjeve dhe p\u00ebrdorimi i tyre nga patronazhist\u00ebt p\u00ebr q\u00ebllime elektorale. \u201cDua t\u00eb them se rid\u00ebnojm\u00eb veprimet [&hellip;]<\/p>\n","protected":false},"author":2,"featured_media":20067,"comment_status":"open","ping_status":"open","sticky":false,"template":"","format":"standard","meta":{"footnotes":""},"categories":[118,9],"tags":[],"class_list":{"0":"post-20066","1":"post","2":"type-post","3":"status-publish","4":"format-standard","5":"has-post-thumbnail","7":"category-kryesore","8":"category-politika"},"_links":{"self":[{"href":"https:\/\/neutrale.al\/index.php\/wp-json\/wp\/v2\/posts\/20066","targetHints":{"allow":["GET"]}}],"collection":[{"href":"https:\/\/neutrale.al\/index.php\/wp-json\/wp\/v2\/posts"}],"about":[{"href":"https:\/\/neutrale.al\/index.php\/wp-json\/wp\/v2\/types\/post"}],"author":[{"embeddable":true,"href":"https:\/\/neutrale.al\/index.php\/wp-json\/wp\/v2\/users\/2"}],"replies":[{"embeddable":true,"href":"https:\/\/neutrale.al\/index.php\/wp-json\/wp\/v2\/comments?post=20066"}],"version-history":[{"count":1,"href":"https:\/\/neutrale.al\/index.php\/wp-json\/wp\/v2\/posts\/20066\/revisions"}],"predecessor-version":[{"id":20068,"href":"https:\/\/neutrale.al\/index.php\/wp-json\/wp\/v2\/posts\/20066\/revisions\/20068"}],"wp:featuredmedia":[{"embeddable":true,"href":"https:\/\/neutrale.al\/index.php\/wp-json\/wp\/v2\/media\/20067"}],"wp:attachment":[{"href":"https:\/\/neutrale.al\/index.php\/wp-json\/wp\/v2\/media?parent=20066"}],"wp:term":[{"taxonomy":"category","embeddable":true,"href":"https:\/\/neutrale.al\/index.php\/wp-json\/wp\/v2\/categories?post=20066"},{"taxonomy":"post_tag","embeddable":true,"href":"https:\/\/neutrale.al\/index.php\/wp-json\/wp\/v2\/tags?post=20066"}],"curies":[{"name":"wp","href":"https:\/\/api.w.org\/{rel}","templated":true}]}}