{"id":19982,"date":"2022-09-19T19:22:39","date_gmt":"2022-09-19T19:22:39","guid":{"rendered":"https:\/\/neutrale.al\/?p=19982"},"modified":"2022-09-19T19:22:39","modified_gmt":"2022-09-19T19:22:39","slug":"takime-ne-world-bank-veliaj-tirana-do-behet-lider-ne-rajon","status":"publish","type":"post","link":"https:\/\/neutrale.al\/index.php\/2022\/09\/19\/takime-ne-world-bank-veliaj-tirana-do-behet-lider-ne-rajon\/","title":{"rendered":"Takime n\u00eb World Bank\/ Veliaj: Tirana do b\u00ebhet lider n\u00eb rajon."},"content":{"rendered":"<p>K\u00ebshtu premton kryebashkiaku i Tiran\u00ebs Erion Veliaj teksa shkruan n\u00eb &#8220;Facebook&#8221; se n\u00eb Washington, n\u00eb World Bank ka takuar mikun e tij Sameh Wahba.<\/p>\n<p>Ja sh\u00ebnimi i tij:<\/p>\n<p>Faleminderit mikut tim, Sameh Wahba, p\u00ebr mikpritjen n\u00eb selin\u00eb e World Bank n\u00eb Uashington\ud83c\uddfa\ud83c\uddf8. <\/p>\n<p>Do t\u00eb punojm\u00eb me shum\u00eb p\u00ebrkushtim me mb\u00ebshtetjen e World Bank Cities, q\u00eb ta b\u00ebjm\u00eb Tiran\u00ebn lider n\u00eb rajon.\ud83d\udc4d<\/p>\n","protected":false},"excerpt":{"rendered":"<p>K\u00ebshtu premton kryebashkiaku i Tiran\u00ebs Erion Veliaj teksa shkruan n\u00eb &#8220;Facebook&#8221; se n\u00eb Washington, n\u00eb World Bank ka takuar mikun e tij Sameh Wahba. Ja sh\u00ebnimi i tij: Faleminderit mikut tim, Sameh Wahba, p\u00ebr mikpritjen n\u00eb selin\u00eb e World Bank n\u00eb Uashington\ud83c\uddfa\ud83c\uddf8. Do t\u00eb punojm\u00eb me shum\u00eb p\u00ebrkushtim me mb\u00ebshtetjen e World Bank Cities, q\u00eb [&hellip;]<\/p>\n","protected":false},"author":2,"featured_media":19983,"comment_status":"open","ping_status":"open","sticky":false,"template":"","format":"standard","meta":{"footnotes":""},"categories":[118],"tags":[],"class_list":{"0":"post-19982","1":"post","2":"type-post","3":"status-publish","4":"format-standard","5":"has-post-thumbnail","7":"category-kryesore"},"_links":{"self":[{"href":"https:\/\/neutrale.al\/index.php\/wp-json\/wp\/v2\/posts\/19982","targetHints":{"allow":["GET"]}}],"collection":[{"href":"https:\/\/neutrale.al\/index.php\/wp-json\/wp\/v2\/posts"}],"about":[{"href":"https:\/\/neutrale.al\/index.php\/wp-json\/wp\/v2\/types\/post"}],"author":[{"embeddable":true,"href":"https:\/\/neutrale.al\/index.php\/wp-json\/wp\/v2\/users\/2"}],"replies":[{"embeddable":true,"href":"https:\/\/neutrale.al\/index.php\/wp-json\/wp\/v2\/comments?post=19982"}],"version-history":[{"count":1,"href":"https:\/\/neutrale.al\/index.php\/wp-json\/wp\/v2\/posts\/19982\/revisions"}],"predecessor-version":[{"id":19984,"href":"https:\/\/neutrale.al\/index.php\/wp-json\/wp\/v2\/posts\/19982\/revisions\/19984"}],"wp:featuredmedia":[{"embeddable":true,"href":"https:\/\/neutrale.al\/index.php\/wp-json\/wp\/v2\/media\/19983"}],"wp:attachment":[{"href":"https:\/\/neutrale.al\/index.php\/wp-json\/wp\/v2\/media?parent=19982"}],"wp:term":[{"taxonomy":"category","embeddable":true,"href":"https:\/\/neutrale.al\/index.php\/wp-json\/wp\/v2\/categories?post=19982"},{"taxonomy":"post_tag","embeddable":true,"href":"https:\/\/neutrale.al\/index.php\/wp-json\/wp\/v2\/tags?post=19982"}],"curies":[{"name":"wp","href":"https:\/\/api.w.org\/{rel}","templated":true}]}}