{"id":19979,"date":"2022-09-19T19:10:44","date_gmt":"2022-09-19T19:10:44","guid":{"rendered":"https:\/\/neutrale.al\/?p=19979"},"modified":"2022-09-19T19:10:44","modified_gmt":"2022-09-19T19:10:44","slug":"edith-harxhi-shteti-ka-rene","status":"publish","type":"post","link":"https:\/\/neutrale.al\/index.php\/2022\/09\/19\/edith-harxhi-shteti-ka-rene\/","title":{"rendered":"Edith Harxhi*\/ Shteti ka r\u00ebn\u00eb!"},"content":{"rendered":"<p>T\u00eb pakt\u00ebn prej disa muajsh, po p\u00ebrjetojm\u00eb nj\u00eb sulm terrorist t\u00eb v\u00ebrtet\u00eb nga aktor\u00eb t\u00eb huaj t\u00eb cil\u00ebt kan\u00eb gjetur nj\u00eb terren t\u00eb dob\u00ebt dhe t\u00eb pasigurt n\u00eb Shqip\u00ebri dhe Ballkan dhe kan\u00eb dhunuar sigurin\u00eb komb\u00ebtare t\u00eb vendit ton\u00eb.<br \/>\nP\u00ebr k\u00ebt\u00eb dhunim t\u00eb siguris\u00eb son\u00eb komb\u00ebtare, qeveria \u00ebsht\u00eb drejtp\u00ebrdrejt\u00eb p\u00ebrgjegj\u00ebse dhe duhet t\u00eb dor\u00ebhiqet menj\u00ebher\u00eb!<br \/>\nT\u00eb dh\u00ebnat tona kan\u00eb qen\u00eb p\u00ebr nj\u00eb koh\u00eb t\u00eb gjat\u00eb n\u00eb duar t\u00eb dyshimta por tani jan\u00eb \u201crrug\u00ebve t\u00eb bot\u00ebs\u201d dhe shiten e blihen n\u00eb tregje p\u00ebr monedha virtuale.<br \/>\nIranian\u00ebt, rus\u00ebt, kinez\u00ebt, afgan\u00ebt, sirian\u00ebt, bangladeshasit dhe kushedi se sa t\u00eb tjer\u00eb e kan\u00eb b\u00ebr\u00eb Shqip\u00ebrin\u00eb han me dy porta dhe qeveria vazhdon dhe propagandon fatin q\u00eb ne jemi n\u00eb NATO dhe po e shqyen Shqip\u00ebrin\u00eb me t\u00eb huaj e po p\u00ebrz\u00eb popullin e vet.<br \/>\nNe tani po b\u00ebhemi rrezik edhe p\u00ebr NATO-n!<\/p>\n<p>Sot kan\u00eb dal\u00eb n\u00eb shesh t\u00eb dh\u00ebna tep\u00ebr t\u00eb ndjeshme p\u00ebr opinionin publik shqiptar por jo vet\u00ebm. Kjo do t\u00eb thot\u00eb q\u00eb shteti Shqiptar tashm\u00eb \u00ebsht\u00eb n\u00eb ankand dhe krejt\u00ebsisht i zhveshur. Jemi jo vet\u00ebm an\u00ebtar\u00eb t\u00eb NATO-s por edhe n\u00eb K\u00ebshillin e Sigurimit t\u00eb OKB-s\u00eb. <\/p>\n<p>N\u00eb kushte t\u00eb tilla do t\u00eb duhej dor\u00ebheqja urgjente e Kryeministrit dhe m\u00eb pas mbledhja urgjente e K\u00ebshillit t\u00eb Siguris\u00eb Komb\u00ebtare t\u00eb vendit. Por, ky K\u00ebshill drejtohet nga Presidenti i cili \u00ebsht\u00eb vendosur nj\u00eb ansh\u00ebm nga po i nj\u00ebjti Kryeminist\u00ebr, Kryetaren e Parlamentit e ka v\u00ebn\u00eb po ky Kryeminist\u00ebr, Ministrat i ka v\u00ebn\u00eb po ky Kryeminist\u00ebr, Prokurori po ashtu, Shefi i Shtabit po ashtu, Drejtori i Policis\u00eb po ashtu, Shefi i SHISH po ashtu, madje edhe \u201ckreun\u201d e opozit\u00ebs, at\u00eb q\u00eb do Kryeministri dhe i ka l\u00ebn\u00eb ende vul\u00ebn, megjith\u00ebse ky i fundit u zbulua bot\u00ebrisht para disa dit\u00ebsh nga vendet aleate. <\/p>\n<p>Vet\u00ebm popullin nuk e ka v\u00ebn\u00eb Kryeministri! Prandaj populli duhet t\u00eb reagoj\u00eb! N\u00ebse ai nuk dor\u00ebhiqet duhet shkarkuar pa palajm\u00ebrim nga populli. <\/p>\n<p>Duhet t\u00eb reagojm\u00eb si\u00e7 reaguam n\u00eb \u201890 kur na i kishin uzurpuar gjith\u00eb lirit\u00eb. Shteti shqiptar nuk ka qen\u00eb kurr\u00eb m\u00eb keq. K\u00ebto skandale nuk mund t\u00eb na shuajn\u00eb interesin komb\u00ebtar dhe nd\u00ebrgjegjen.<br \/>\nPo tregojm\u00eb veten me gisht!<br \/>\nI b\u00ebj thirrje \u00e7do shqiptari t\u00eb reagoj\u00eb! #shqip\u00ebrian\u00ebrrezik<br \/>\n* Autorja ka qen\u00eb zv.ministre e jashtme e Shqip\u00ebris\u00eb<\/p>\n","protected":false},"excerpt":{"rendered":"<p>T\u00eb pakt\u00ebn prej disa muajsh, po p\u00ebrjetojm\u00eb nj\u00eb sulm terrorist t\u00eb v\u00ebrtet\u00eb nga aktor\u00eb t\u00eb huaj t\u00eb cil\u00ebt kan\u00eb gjetur nj\u00eb terren t\u00eb dob\u00ebt dhe t\u00eb pasigurt n\u00eb Shqip\u00ebri dhe Ballkan dhe kan\u00eb dhunuar sigurin\u00eb komb\u00ebtare t\u00eb vendit ton\u00eb. P\u00ebr k\u00ebt\u00eb dhunim t\u00eb siguris\u00eb son\u00eb komb\u00ebtare, qeveria \u00ebsht\u00eb drejtp\u00ebrdrejt\u00eb p\u00ebrgjegj\u00ebse dhe duhet t\u00eb dor\u00ebhiqet menj\u00ebher\u00eb! [&hellip;]<\/p>\n","protected":false},"author":2,"featured_media":19980,"comment_status":"open","ping_status":"open","sticky":false,"template":"","format":"standard","meta":{"footnotes":""},"categories":[2],"tags":[],"class_list":{"0":"post-19979","1":"post","2":"type-post","3":"status-publish","4":"format-standard","5":"has-post-thumbnail","7":"category-opinione"},"_links":{"self":[{"href":"https:\/\/neutrale.al\/index.php\/wp-json\/wp\/v2\/posts\/19979","targetHints":{"allow":["GET"]}}],"collection":[{"href":"https:\/\/neutrale.al\/index.php\/wp-json\/wp\/v2\/posts"}],"about":[{"href":"https:\/\/neutrale.al\/index.php\/wp-json\/wp\/v2\/types\/post"}],"author":[{"embeddable":true,"href":"https:\/\/neutrale.al\/index.php\/wp-json\/wp\/v2\/users\/2"}],"replies":[{"embeddable":true,"href":"https:\/\/neutrale.al\/index.php\/wp-json\/wp\/v2\/comments?post=19979"}],"version-history":[{"count":1,"href":"https:\/\/neutrale.al\/index.php\/wp-json\/wp\/v2\/posts\/19979\/revisions"}],"predecessor-version":[{"id":19981,"href":"https:\/\/neutrale.al\/index.php\/wp-json\/wp\/v2\/posts\/19979\/revisions\/19981"}],"wp:featuredmedia":[{"embeddable":true,"href":"https:\/\/neutrale.al\/index.php\/wp-json\/wp\/v2\/media\/19980"}],"wp:attachment":[{"href":"https:\/\/neutrale.al\/index.php\/wp-json\/wp\/v2\/media?parent=19979"}],"wp:term":[{"taxonomy":"category","embeddable":true,"href":"https:\/\/neutrale.al\/index.php\/wp-json\/wp\/v2\/categories?post=19979"},{"taxonomy":"post_tag","embeddable":true,"href":"https:\/\/neutrale.al\/index.php\/wp-json\/wp\/v2\/tags?post=19979"}],"curies":[{"name":"wp","href":"https:\/\/api.w.org\/{rel}","templated":true}]}}