{"id":19954,"date":"2022-09-19T17:02:18","date_gmt":"2022-09-19T17:02:18","guid":{"rendered":"https:\/\/neutrale.al\/?p=19954"},"modified":"2022-09-19T17:02:18","modified_gmt":"2022-09-19T17:02:18","slug":"sulmet-kibernetike-rama-nga-shba-erdhen-nga-irani-eshte-fakt-jo-akuze","status":"publish","type":"post","link":"https:\/\/neutrale.al\/index.php\/2022\/09\/19\/sulmet-kibernetike-rama-nga-shba-erdhen-nga-irani-eshte-fakt-jo-akuze\/","title":{"rendered":"Sulmet kibernetike, Rama nga SHBA: Erdh\u00ebn nga Irani, \u00ebsht\u00eb fakt jo akuz\u00eb!"},"content":{"rendered":"<p>N\u00eb New York, ku ndodhet p\u00ebr nj\u00eb vizit\u00eb zyrtare, kryeministri Edi Rama ka dh\u00ebn\u00eb nj\u00eb intervist\u00eb p\u00ebr emisionin &#8220;Wake up America&#8221;, ku midis \u00e7\u00ebshtjeve t\u00eb tjera t\u00eb aktualitetit n\u00eb vend, \u00ebsht\u00eb pyetur edhe p\u00ebr konfliktin diplomatik me Iranin.<\/p>\n<p>Duke u ndalur tek sulmi kibernetik nga Irani, kreu i qeveris\u00eb tha se akuzat e ngritura p\u00ebr Iranin jan\u00eb t\u00eb bazuara n\u00eb fakte.<\/p>\n<p>M\u00eb posht\u00eb njoftimi n\u00eb &#8220;Facebook&#8221; t\u00eb kryeministrit:<\/p>\n<p>\ud83d\udccdNew York, Newsmax TV &#8211; N\u00eb emisionin \u201cWake Up America\u201d, i ftuar s\u00eb bashku me ambasadorin Richard Grenell\ud83c\udfa4<\/p>\n","protected":false},"excerpt":{"rendered":"<p>N\u00eb New York, ku ndodhet p\u00ebr nj\u00eb vizit\u00eb zyrtare, kryeministri Edi Rama ka dh\u00ebn\u00eb nj\u00eb intervist\u00eb p\u00ebr emisionin &#8220;Wake up America&#8221;, ku midis \u00e7\u00ebshtjeve t\u00eb tjera t\u00eb aktualitetit n\u00eb vend, \u00ebsht\u00eb pyetur edhe p\u00ebr konfliktin diplomatik me Iranin. Duke u ndalur tek sulmi kibernetik nga Irani, kreu i qeveris\u00eb tha se akuzat e ngritura p\u00ebr [&hellip;]<\/p>\n","protected":false},"author":2,"featured_media":19955,"comment_status":"open","ping_status":"open","sticky":false,"template":"","format":"standard","meta":{"footnotes":""},"categories":[118],"tags":[],"class_list":{"0":"post-19954","1":"post","2":"type-post","3":"status-publish","4":"format-standard","5":"has-post-thumbnail","7":"category-kryesore"},"_links":{"self":[{"href":"https:\/\/neutrale.al\/index.php\/wp-json\/wp\/v2\/posts\/19954","targetHints":{"allow":["GET"]}}],"collection":[{"href":"https:\/\/neutrale.al\/index.php\/wp-json\/wp\/v2\/posts"}],"about":[{"href":"https:\/\/neutrale.al\/index.php\/wp-json\/wp\/v2\/types\/post"}],"author":[{"embeddable":true,"href":"https:\/\/neutrale.al\/index.php\/wp-json\/wp\/v2\/users\/2"}],"replies":[{"embeddable":true,"href":"https:\/\/neutrale.al\/index.php\/wp-json\/wp\/v2\/comments?post=19954"}],"version-history":[{"count":1,"href":"https:\/\/neutrale.al\/index.php\/wp-json\/wp\/v2\/posts\/19954\/revisions"}],"predecessor-version":[{"id":19956,"href":"https:\/\/neutrale.al\/index.php\/wp-json\/wp\/v2\/posts\/19954\/revisions\/19956"}],"wp:featuredmedia":[{"embeddable":true,"href":"https:\/\/neutrale.al\/index.php\/wp-json\/wp\/v2\/media\/19955"}],"wp:attachment":[{"href":"https:\/\/neutrale.al\/index.php\/wp-json\/wp\/v2\/media?parent=19954"}],"wp:term":[{"taxonomy":"category","embeddable":true,"href":"https:\/\/neutrale.al\/index.php\/wp-json\/wp\/v2\/categories?post=19954"},{"taxonomy":"post_tag","embeddable":true,"href":"https:\/\/neutrale.al\/index.php\/wp-json\/wp\/v2\/tags?post=19954"}],"curies":[{"name":"wp","href":"https:\/\/api.w.org\/{rel}","templated":true}]}}