{"id":19941,"date":"2022-09-19T16:24:56","date_gmt":"2022-09-19T16:24:56","guid":{"rendered":"https:\/\/neutrale.al\/?p=19941"},"modified":"2022-09-19T16:24:56","modified_gmt":"2022-09-19T16:24:56","slug":"gazeta-the-guardian-shkruan-dicka-interesante-per-vete-qe-nga-1821-gazeta-ka-mbuluarme-lajme-8-mbreter-do-te-raportojme-edhe-per-karlin-iii-me-te-njejtin-perkushtim","status":"publish","type":"post","link":"https:\/\/neutrale.al\/index.php\/2022\/09\/19\/gazeta-the-guardian-shkruan-dicka-interesante-per-vete-qe-nga-1821-gazeta-ka-mbuluarme-lajme-8-mbreter-do-te-raportojme-edhe-per-karlin-iii-me-te-njejtin-perkushtim\/","title":{"rendered":"Gazeta The Guardian, shkruan di\u00e7ka interesante p\u00ebr vete: Q\u00eb nga 1821 gazeta ka mbuluar(me lajme) 8 mbret\u00ebr. Do t\u00eb raportojm\u00eb edhe p\u00ebr Karlin III me t\u00eb nj\u00ebjtin p\u00ebrkushtim."},"content":{"rendered":"<p>Nd\u00ebrsa gjith\u00eb mediat bot\u00ebrore ndjekin dhe njoftojn\u00eb p\u00ebr funeralin e Mbret\u00ebresh\u00ebs Elizabeth II, sigurisht q\u00eb nj\u00eb nga lajm\u00ebtar\u00ebt e par\u00eb \u00ebsht\u00eb The Guardian.<\/p>\n<p>E teksa, gazetar\u00ebt dhe reporter\u00ebt e saj, regjistrojn\u00eb, fotografojn\u00eb e p\u00ebrshkruajn\u00eb \u00e7do detaji t\u00eb ceremonis\u00eb, redaktori nuk e ka ndalur dot tundimin p\u00ebr t\u00eb prezantuar fuqin\u00eb dhe tradit\u00ebn e gazet\u00ebs s\u00eb tyre.<\/p>\n<p>Gazetar\u00ebt tan\u00eb, shkruan ai, kan\u00eb mbuluar 8 mbret\u00ebr q\u00eb nga 1821, duke p\u00ebrfshir\u00eb mbret\u00ebresh\u00ebn e dashur Elizabeth II.<br \/>\nTep\u00ebr t\u00eb pavarur, ne do t\u00eb raportojm\u00eb p\u00ebr Karlin III me t\u00eb nj\u00ebjtin v\u00ebzhgim.<\/p>\n<p>M\u00eb posht\u00eb di\u00e7ka nga gazeta e famshme:<\/p>\n<p>&#8220;Momentet e ndryshimeve t\u00eb m\u00ebdha kan\u00eb frym\u00ebzuar Guardian gjat\u00eb shekujve. Gazetar\u00ebt tan\u00eb kan\u00eb mbuluar tet\u00eb mbret\u00ebr dhe mbret\u00ebresha britanike q\u00eb nga viti 1821, duke p\u00ebrfshir\u00eb mbret\u00ebresh\u00ebn e ndjer\u00eb, shum\u00eb t\u00eb dashur, Elizabeth II. Tep\u00ebr t\u00eb pavarur, ne do t\u00eb raportojm\u00eb p\u00ebr Karlin III me t\u00eb nj\u00ebjtin v\u00ebzhgim, shk\u00ebputje dhe kuriozitet q\u00eb b\u00ebm\u00eb me paraardh\u00ebsit e tij. Gazetaria jon\u00eb \u00ebsht\u00eb e lir\u00eb nga ndikimi komercial, politik \u2013 apo mbret\u00ebror.<br \/>\nKjo do t\u00eb thot\u00eb q\u00eb ne raportojm\u00eb pa frik\u00eb dhe me drejt\u00ebsi p\u00ebr ndryshimin dhe pasigurin\u00eb, p\u00ebr mbret\u00ebrit dhe republikan\u00ebt, p\u00ebr t\u00eb fuqishmit dhe njer\u00ebzit e thjesht\u00eb&#8221;.<\/p>\n<p><img loading=\"lazy\" loading=\"lazy\" decoding=\"async\" src=\"https:\/\/neutrale.al\/wp-content\/uploads\/2022\/09\/2C2BDD6A-25EE-432B-A471-6B62F334A0F4-238x300.jpeg\" alt=\"\" width=\"238\" height=\"300\" class=\"alignnone size-medium wp-image-19942\" srcset=\"https:\/\/neutrale.al\/wp-content\/uploads\/2022\/09\/2C2BDD6A-25EE-432B-A471-6B62F334A0F4-238x300.jpeg 238w, https:\/\/neutrale.al\/wp-content\/uploads\/2022\/09\/2C2BDD6A-25EE-432B-A471-6B62F334A0F4-768x966.jpeg 768w, https:\/\/neutrale.al\/wp-content\/uploads\/2022\/09\/2C2BDD6A-25EE-432B-A471-6B62F334A0F4.jpeg 786w\" sizes=\"auto, (max-width: 238px) 100vw, 238px\" \/><\/p>\n","protected":false},"excerpt":{"rendered":"<p>Nd\u00ebrsa gjith\u00eb mediat bot\u00ebrore ndjekin dhe njoftojn\u00eb p\u00ebr funeralin e Mbret\u00ebresh\u00ebs Elizabeth II, sigurisht q\u00eb nj\u00eb nga lajm\u00ebtar\u00ebt e par\u00eb \u00ebsht\u00eb The Guardian. E teksa, gazetar\u00ebt dhe reporter\u00ebt e saj, regjistrojn\u00eb, fotografojn\u00eb e p\u00ebrshkruajn\u00eb \u00e7do detaji t\u00eb ceremonis\u00eb, redaktori nuk e ka ndalur dot tundimin p\u00ebr t\u00eb prezantuar fuqin\u00eb dhe tradit\u00ebn e gazet\u00ebs s\u00eb tyre. [&hellip;]<\/p>\n","protected":false},"author":2,"featured_media":19943,"comment_status":"open","ping_status":"open","sticky":false,"template":"","format":"standard","meta":{"footnotes":""},"categories":[1],"tags":[],"class_list":{"0":"post-19941","1":"post","2":"type-post","3":"status-publish","4":"format-standard","5":"has-post-thumbnail","7":"category-te-tjera"},"_links":{"self":[{"href":"https:\/\/neutrale.al\/index.php\/wp-json\/wp\/v2\/posts\/19941","targetHints":{"allow":["GET"]}}],"collection":[{"href":"https:\/\/neutrale.al\/index.php\/wp-json\/wp\/v2\/posts"}],"about":[{"href":"https:\/\/neutrale.al\/index.php\/wp-json\/wp\/v2\/types\/post"}],"author":[{"embeddable":true,"href":"https:\/\/neutrale.al\/index.php\/wp-json\/wp\/v2\/users\/2"}],"replies":[{"embeddable":true,"href":"https:\/\/neutrale.al\/index.php\/wp-json\/wp\/v2\/comments?post=19941"}],"version-history":[{"count":1,"href":"https:\/\/neutrale.al\/index.php\/wp-json\/wp\/v2\/posts\/19941\/revisions"}],"predecessor-version":[{"id":19944,"href":"https:\/\/neutrale.al\/index.php\/wp-json\/wp\/v2\/posts\/19941\/revisions\/19944"}],"wp:featuredmedia":[{"embeddable":true,"href":"https:\/\/neutrale.al\/index.php\/wp-json\/wp\/v2\/media\/19943"}],"wp:attachment":[{"href":"https:\/\/neutrale.al\/index.php\/wp-json\/wp\/v2\/media?parent=19941"}],"wp:term":[{"taxonomy":"category","embeddable":true,"href":"https:\/\/neutrale.al\/index.php\/wp-json\/wp\/v2\/categories?post=19941"},{"taxonomy":"post_tag","embeddable":true,"href":"https:\/\/neutrale.al\/index.php\/wp-json\/wp\/v2\/tags?post=19941"}],"curies":[{"name":"wp","href":"https:\/\/api.w.org\/{rel}","templated":true}]}}