{"id":19920,"date":"2022-09-19T12:22:02","date_gmt":"2022-09-19T12:22:02","guid":{"rendered":"https:\/\/neutrale.al\/?p=19920"},"modified":"2022-09-19T12:22:02","modified_gmt":"2022-09-19T12:22:02","slug":"permbytjet-dhe-demet-ne-tropoje-reagon-deputeti-celaj-demet-jane-te-medha-bashkia-nuk-ka-kapacitete","status":"publish","type":"post","link":"https:\/\/neutrale.al\/index.php\/2022\/09\/19\/permbytjet-dhe-demet-ne-tropoje-reagon-deputeti-celaj-demet-jane-te-medha-bashkia-nuk-ka-kapacitete\/","title":{"rendered":"P\u00ebrmbytjet dhe d\u00ebmet n\u00eb Tropoj\u00eb, reagon deputeti \u00c7elaj: D\u00ebmet jan\u00eb t\u00eb m\u00ebdha, bashkia nuk ka kapacitete."},"content":{"rendered":"<p>Deputeti i qarkut Kuk\u00ebs dhe i Tropoj\u00ebs, Isuf \u00c7elaj, v\u00eb n\u00eb dukje gjith\u00eb pasojat, fal\u00ebnderon ata q\u00eb ndihmuan, por b\u00ebn thirrje p\u00ebr m\u00eb shum\u00eb mb\u00ebshtetje nga qeveria.<\/p>\n<p>Ja postimi i tij n\u00eb rrjetet sociale:<\/p>\n<p>\ud83c\udd98Situata sot pas nd\u00ebrprerjes s\u00eb reshjeve e rr\u00ebbeshit t\u00eb shiut n\u00eb rrethin e Tropoj\u00ebs paraqitet m\u00eb e qet\u00eb, por emergjente p\u00ebr strukturat shtet\u00ebrore t\u00eb Energjencave Civile t\u00eb Ministris\u00eb Mbrojtjes, Autoriteti Rrugor Shqiotar(ARrSH), Prefektur\u00ebs Kuk\u00ebs dhe atyre lokale t\u00eb Bashkis\u00eb Tropoj\u00eb \u00ebsht\u00eb evidentimi i t\u00eb gjitha d\u00ebmeve duke i materializuar edhe me nj\u00eb fatur\u00eb financiare. D\u00ebm\u00ebt jan\u00eb t\u00eb m\u00ebdha dhe dihet q\u00eb Bashkia nuk ka kapacitetet as financiare e as flot\u00ebn e mjeteve p\u00ebr situata t\u00eb tilla. <\/p>\n<p>Nga terreni \u00ebsht\u00eb evidentuar se:<\/p>\n<p>\ud83d\udccdD\u00ebmet m\u00eb t\u00eb m\u00ebdha paraqiten n\u00eb rrug\u00ebt e fshatrave: Vlad, Zherk\u00eb, Viliq, Kam,Kepenek, Zogaj, Berish\u00eb, Radogosh, Viso\u00e7\u00eb n\u00eb Nj\u00ebsin\u00eb Administrative Byty\u00e7 dhe n\u00eb fshatrat Deg\u00eb, Tpla, Dushaj dhe Raj\u00eb n\u00eb Nj\u00ebsin\u00eb Administrative Fierz\u00eb. Situata e v\u00ebshtir\u00eb paraqitet po ashtu edhe n\u00eb rrug\u00ebn e Lekbibajve, Gjonpepaj etj t\u00eb Nj\u00ebsis\u00eb Administrative Nikaj Mertur<br \/>\nSi dhe n\u00eb fshatin Fush\u00eb-Lumi Nj\u00ebsia Administrative Margegaj.<br \/>\n\ud83d\udccdD\u00ebmtime t\u00eb shtyllave dhe t\u00eb rrjetit t\u00eb transmetimit t\u00eb energjis\u00eb  elektrike p\u00ebr k\u00ebto fshatra.<br \/>\n\ud83d\udccdD\u00ebmtime t\u00eb prodhimeve t\u00eb fshatar\u00ebve dhe t\u00eb fermave t\u00eb bag\u00ebtive  e  atyre me blet\u00eb.<\/p>\n<p>\ud83d\udcccK\u00ebto fonde duhet t\u2019iu rialokohen me urgjenc\u00eb  nga ana e qeveris\u00eb sepse k\u00ebto fshatra jan\u00eb thuajse t\u00eb paralizuara dhe nevoja p\u00ebr dor\u00ebn e shtetit \u00ebsht\u00eb m\u00ebse e domosdoshme. Le t\u00eb l\u00ebm\u00eb m\u00ebnjan\u00eb propagand\u00ebn dhe t\u00eb nd\u00ebrmarrim veprime konkrere n\u00eb ndihm\u00eb t\u00eb banor\u00ebve t\u00eb k\u00ebtyre fshatrave.<br \/>\n\ud83d\udd39Nj\u00eb falenderim shkon p\u00ebr bizneset e k\u00ebtyre zonave q\u00eb angazhuan t\u00eb gjitha mjetet n\u00eb ndihm\u00eb t\u00eb banor\u00ebve.<\/p>\n<p><img loading=\"lazy\" loading=\"lazy\" decoding=\"async\" src=\"https:\/\/neutrale.al\/wp-content\/uploads\/2022\/09\/A5237566-FB8A-4CB9-8C61-9C7C75A28766-168x300.jpeg\" alt=\"\" width=\"168\" height=\"300\" class=\"alignnone size-medium wp-image-19921\" srcset=\"https:\/\/neutrale.al\/wp-content\/uploads\/2022\/09\/A5237566-FB8A-4CB9-8C61-9C7C75A28766-168x300.jpeg 168w, https:\/\/neutrale.al\/wp-content\/uploads\/2022\/09\/A5237566-FB8A-4CB9-8C61-9C7C75A28766-573x1024.jpeg 573w, https:\/\/neutrale.al\/wp-content\/uploads\/2022\/09\/A5237566-FB8A-4CB9-8C61-9C7C75A28766-768x1372.jpeg 768w, https:\/\/neutrale.al\/wp-content\/uploads\/2022\/09\/A5237566-FB8A-4CB9-8C61-9C7C75A28766-860x1536.jpeg 860w, https:\/\/neutrale.al\/wp-content\/uploads\/2022\/09\/A5237566-FB8A-4CB9-8C61-9C7C75A28766.jpeg 895w\" sizes=\"auto, (max-width: 168px) 100vw, 168px\" \/><\/p>\n<p><img loading=\"lazy\" loading=\"lazy\" decoding=\"async\" src=\"https:\/\/neutrale.al\/wp-content\/uploads\/2022\/09\/D05CDAAA-F59C-4B7E-8992-93AA981DBDC5-300x169.jpeg\" alt=\"\" width=\"300\" height=\"169\" class=\"alignnone size-medium wp-image-19922\" srcset=\"https:\/\/neutrale.al\/wp-content\/uploads\/2022\/09\/D05CDAAA-F59C-4B7E-8992-93AA981DBDC5-300x169.jpeg 300w, https:\/\/neutrale.al\/wp-content\/uploads\/2022\/09\/D05CDAAA-F59C-4B7E-8992-93AA981DBDC5-1024x576.jpeg 1024w, https:\/\/neutrale.al\/wp-content\/uploads\/2022\/09\/D05CDAAA-F59C-4B7E-8992-93AA981DBDC5-768x432.jpeg 768w, https:\/\/neutrale.al\/wp-content\/uploads\/2022\/09\/D05CDAAA-F59C-4B7E-8992-93AA981DBDC5-860x484.jpeg 860w, https:\/\/neutrale.al\/wp-content\/uploads\/2022\/09\/D05CDAAA-F59C-4B7E-8992-93AA981DBDC5.jpeg 1080w\" sizes=\"auto, (max-width: 300px) 100vw, 300px\" \/><\/p>\n<p><img loading=\"lazy\" loading=\"lazy\" decoding=\"async\" src=\"https:\/\/neutrale.al\/wp-content\/uploads\/2022\/09\/E8777EB3-6CF7-43DC-ADDF-467AF9C02456-225x300.jpeg\" alt=\"\" width=\"225\" height=\"300\" class=\"alignnone size-medium wp-image-19923\" srcset=\"https:\/\/neutrale.al\/wp-content\/uploads\/2022\/09\/E8777EB3-6CF7-43DC-ADDF-467AF9C02456-225x300.jpeg 225w, https:\/\/neutrale.al\/wp-content\/uploads\/2022\/09\/E8777EB3-6CF7-43DC-ADDF-467AF9C02456-768x1024.jpeg 768w, https:\/\/neutrale.al\/wp-content\/uploads\/2022\/09\/E8777EB3-6CF7-43DC-ADDF-467AF9C02456-860x1147.jpeg 860w, https:\/\/neutrale.al\/wp-content\/uploads\/2022\/09\/E8777EB3-6CF7-43DC-ADDF-467AF9C02456.jpeg 960w\" sizes=\"auto, (max-width: 225px) 100vw, 225px\" \/><\/p>\n","protected":false},"excerpt":{"rendered":"<p>Deputeti i qarkut Kuk\u00ebs dhe i Tropoj\u00ebs, Isuf \u00c7elaj, v\u00eb n\u00eb dukje gjith\u00eb pasojat, fal\u00ebnderon ata q\u00eb ndihmuan, por b\u00ebn thirrje p\u00ebr m\u00eb shum\u00eb mb\u00ebshtetje nga qeveria. Ja postimi i tij n\u00eb rrjetet sociale: \ud83c\udd98Situata sot pas nd\u00ebrprerjes s\u00eb reshjeve e rr\u00ebbeshit t\u00eb shiut n\u00eb rrethin e Tropoj\u00ebs paraqitet m\u00eb e qet\u00eb, por emergjente p\u00ebr [&hellip;]<\/p>\n","protected":false},"author":2,"featured_media":19924,"comment_status":"open","ping_status":"open","sticky":false,"template":"","format":"standard","meta":{"footnotes":""},"categories":[2],"tags":[],"class_list":{"0":"post-19920","1":"post","2":"type-post","3":"status-publish","4":"format-standard","5":"has-post-thumbnail","7":"category-opinione"},"_links":{"self":[{"href":"https:\/\/neutrale.al\/index.php\/wp-json\/wp\/v2\/posts\/19920","targetHints":{"allow":["GET"]}}],"collection":[{"href":"https:\/\/neutrale.al\/index.php\/wp-json\/wp\/v2\/posts"}],"about":[{"href":"https:\/\/neutrale.al\/index.php\/wp-json\/wp\/v2\/types\/post"}],"author":[{"embeddable":true,"href":"https:\/\/neutrale.al\/index.php\/wp-json\/wp\/v2\/users\/2"}],"replies":[{"embeddable":true,"href":"https:\/\/neutrale.al\/index.php\/wp-json\/wp\/v2\/comments?post=19920"}],"version-history":[{"count":1,"href":"https:\/\/neutrale.al\/index.php\/wp-json\/wp\/v2\/posts\/19920\/revisions"}],"predecessor-version":[{"id":19925,"href":"https:\/\/neutrale.al\/index.php\/wp-json\/wp\/v2\/posts\/19920\/revisions\/19925"}],"wp:featuredmedia":[{"embeddable":true,"href":"https:\/\/neutrale.al\/index.php\/wp-json\/wp\/v2\/media\/19924"}],"wp:attachment":[{"href":"https:\/\/neutrale.al\/index.php\/wp-json\/wp\/v2\/media?parent=19920"}],"wp:term":[{"taxonomy":"category","embeddable":true,"href":"https:\/\/neutrale.al\/index.php\/wp-json\/wp\/v2\/categories?post=19920"},{"taxonomy":"post_tag","embeddable":true,"href":"https:\/\/neutrale.al\/index.php\/wp-json\/wp\/v2\/tags?post=19920"}],"curies":[{"name":"wp","href":"https:\/\/api.w.org\/{rel}","templated":true}]}}