{"id":19907,"date":"2022-09-19T11:03:01","date_gmt":"2022-09-19T11:03:01","guid":{"rendered":"https:\/\/neutrale.al\/?p=19907"},"modified":"2022-09-19T11:03:01","modified_gmt":"2022-09-19T11:03:01","slug":"veliaj-takon-ish-ambasadoret-e-shba-ne-shqiperi-ries-dhe-arvizu","status":"publish","type":"post","link":"https:\/\/neutrale.al\/index.php\/2022\/09\/19\/veliaj-takon-ish-ambasadoret-e-shba-ne-shqiperi-ries-dhe-arvizu\/","title":{"rendered":"Veliaj takon ish ambasador\u00ebt e SHBA n\u00eb Shqip\u00ebri Ries dhe Arvizu."},"content":{"rendered":"<p>K\u00ebnaq\u00ebsi, shkruan kryebashkiaku Erion Veliaj, q\u00eb u ritakova ish Amb. Marcie Ries dhe Alex Arvizu.<\/p>\n<p>Ja postimi:<\/p>\n<p>\u00c7far\u00eb k\u00ebnaq\u00ebsie q\u00eb u ritakova me ish Amb. Marcie Ries dhe Alex Arvizu \ud83d\ude4f.<\/p>\n<p>\ud83d\udc49 Marcie besonte te grupi yn\u00eb i aktivist\u00ebve t\u00eb MJAFT-it, kur ne ishim t\u00eb panjohur dhe protestonim ndaj padrejt\u00ebsive. <\/p>\n<p>\ud83d\udc49 Kurse Alex na ka qendruar pran\u00eb n\u00eb dit\u00ebt e err\u00ebta t\u00eb 21 janarit dhe ngjarjet n\u00eb vijim.<\/p>\n<p>P\u00ebrgjithmon\u00eb mir\u00ebnjoh\u00ebs ndaj jush! \ud83c\udde6\ud83c\uddf1\ud83d\ude4f\ud83c\uddfa\ud83c\uddf8<\/p>\n","protected":false},"excerpt":{"rendered":"<p>K\u00ebnaq\u00ebsi, shkruan kryebashkiaku Erion Veliaj, q\u00eb u ritakova ish Amb. Marcie Ries dhe Alex Arvizu. Ja postimi: \u00c7far\u00eb k\u00ebnaq\u00ebsie q\u00eb u ritakova me ish Amb. Marcie Ries dhe Alex Arvizu \ud83d\ude4f. \ud83d\udc49 Marcie besonte te grupi yn\u00eb i aktivist\u00ebve t\u00eb MJAFT-it, kur ne ishim t\u00eb panjohur dhe protestonim ndaj padrejt\u00ebsive. \ud83d\udc49 Kurse Alex na ka [&hellip;]<\/p>\n","protected":false},"author":2,"featured_media":19908,"comment_status":"open","ping_status":"open","sticky":false,"template":"","format":"standard","meta":{"footnotes":""},"categories":[118,9],"tags":[],"class_list":{"0":"post-19907","1":"post","2":"type-post","3":"status-publish","4":"format-standard","5":"has-post-thumbnail","7":"category-kryesore","8":"category-politika"},"_links":{"self":[{"href":"https:\/\/neutrale.al\/index.php\/wp-json\/wp\/v2\/posts\/19907","targetHints":{"allow":["GET"]}}],"collection":[{"href":"https:\/\/neutrale.al\/index.php\/wp-json\/wp\/v2\/posts"}],"about":[{"href":"https:\/\/neutrale.al\/index.php\/wp-json\/wp\/v2\/types\/post"}],"author":[{"embeddable":true,"href":"https:\/\/neutrale.al\/index.php\/wp-json\/wp\/v2\/users\/2"}],"replies":[{"embeddable":true,"href":"https:\/\/neutrale.al\/index.php\/wp-json\/wp\/v2\/comments?post=19907"}],"version-history":[{"count":1,"href":"https:\/\/neutrale.al\/index.php\/wp-json\/wp\/v2\/posts\/19907\/revisions"}],"predecessor-version":[{"id":19909,"href":"https:\/\/neutrale.al\/index.php\/wp-json\/wp\/v2\/posts\/19907\/revisions\/19909"}],"wp:featuredmedia":[{"embeddable":true,"href":"https:\/\/neutrale.al\/index.php\/wp-json\/wp\/v2\/media\/19908"}],"wp:attachment":[{"href":"https:\/\/neutrale.al\/index.php\/wp-json\/wp\/v2\/media?parent=19907"}],"wp:term":[{"taxonomy":"category","embeddable":true,"href":"https:\/\/neutrale.al\/index.php\/wp-json\/wp\/v2\/categories?post=19907"},{"taxonomy":"post_tag","embeddable":true,"href":"https:\/\/neutrale.al\/index.php\/wp-json\/wp\/v2\/tags?post=19907"}],"curies":[{"name":"wp","href":"https:\/\/api.w.org\/{rel}","templated":true}]}}