{"id":19843,"date":"2022-09-19T08:06:51","date_gmt":"2022-09-19T08:06:51","guid":{"rendered":"https:\/\/neutrale.al\/?p=19843"},"modified":"2022-09-19T08:06:51","modified_gmt":"2022-09-19T08:06:51","slug":"suedi-dy-deputete-shqiptare-ne-parlamentin-suedez-aida-birinxhiku-dhe-adnan-dibrani","status":"publish","type":"post","link":"https:\/\/neutrale.al\/index.php\/2022\/09\/19\/suedi-dy-deputete-shqiptare-ne-parlamentin-suedez-aida-birinxhiku-dhe-adnan-dibrani\/","title":{"rendered":"Suedi\/ Dy deputet\u00eb shqiptar\u00eb n\u00eb parlamentin Suedez. Aida Birinxhiku dhe Adnan Dibrani !"},"content":{"rendered":"<p>Nga Stokholmi, shkruan Urim Gjata.<\/p>\n<p>E nd\u00ebrsa p\u00ebr Adnanin ky \u00ebsht\u00eb mandati i kat\u00ebrt si deputet, nga Partia Social Demokrate, jurisja  Birinxhiku, edhe kjo e Socialdemokrates, ulet p\u00ebr her\u00eb t\u00eb par\u00eb n\u00eb foltoren e parlamentit . <\/p>\n<p>Nd\u00ebrsa n\u00eb Partin\u00eb e Moderuar kan\u00eb kandiduar Aurora Pirraku Nika dhe Avni Dervishi \u2026<\/p>\n<p>Adnan Dibrani dhe Aida Birinxhiku jan\u00eb zgjedhur deputet\u00eb t\u00eb parlamentit nacional Suedes, -nd\u00ebrsa Aurora Pirraku Nika dhe Avni Dervishi nuk kan\u00eb marr\u00eb dot votat p\u00ebr karriget e parlamentit, por kan\u00eb arritur t\u00eb fitojn\u00eb p\u00ebr perfaqsues n\u00eb  (Qarkun) V\u00e4stmanland. \ud83c\udde6\ud83c\uddf1\ud83c\uddf8\ud83c\uddea\ud83c\uddfd\ud83c\uddf0<\/p>\n<p><img loading=\"lazy\" loading=\"lazy\" decoding=\"async\" src=\"https:\/\/neutrale.al\/wp-content\/uploads\/2022\/09\/08DA9104-410E-48E0-AEF3-2B7E5DF2FF93-225x300.jpeg\" alt=\"\" width=\"225\" height=\"300\" class=\"alignnone size-medium wp-image-19844\" srcset=\"https:\/\/neutrale.al\/wp-content\/uploads\/2022\/09\/08DA9104-410E-48E0-AEF3-2B7E5DF2FF93-225x300.jpeg 225w, https:\/\/neutrale.al\/wp-content\/uploads\/2022\/09\/08DA9104-410E-48E0-AEF3-2B7E5DF2FF93-769x1024.jpeg 769w, https:\/\/neutrale.al\/wp-content\/uploads\/2022\/09\/08DA9104-410E-48E0-AEF3-2B7E5DF2FF93-768x1022.jpeg 768w, https:\/\/neutrale.al\/wp-content\/uploads\/2022\/09\/08DA9104-410E-48E0-AEF3-2B7E5DF2FF93-860x1145.jpeg 860w, https:\/\/neutrale.al\/wp-content\/uploads\/2022\/09\/08DA9104-410E-48E0-AEF3-2B7E5DF2FF93.jpeg 934w\" sizes=\"auto, (max-width: 225px) 100vw, 225px\" \/><\/p>\n","protected":false},"excerpt":{"rendered":"<p>Nga Stokholmi, shkruan Urim Gjata. E nd\u00ebrsa p\u00ebr Adnanin ky \u00ebsht\u00eb mandati i kat\u00ebrt si deputet, nga Partia Social Demokrate, jurisja Birinxhiku, edhe kjo e Socialdemokrates, ulet p\u00ebr her\u00eb t\u00eb par\u00eb n\u00eb foltoren e parlamentit . Nd\u00ebrsa n\u00eb Partin\u00eb e Moderuar kan\u00eb kandiduar Aurora Pirraku Nika dhe Avni Dervishi \u2026 Adnan Dibrani dhe Aida Birinxhiku [&hellip;]<\/p>\n","protected":false},"author":2,"featured_media":19845,"comment_status":"open","ping_status":"open","sticky":false,"template":"","format":"standard","meta":{"footnotes":""},"categories":[12,118],"tags":[],"class_list":{"0":"post-19843","1":"post","2":"type-post","3":"status-publish","4":"format-standard","5":"has-post-thumbnail","7":"category-bota","8":"category-kryesore"},"_links":{"self":[{"href":"https:\/\/neutrale.al\/index.php\/wp-json\/wp\/v2\/posts\/19843","targetHints":{"allow":["GET"]}}],"collection":[{"href":"https:\/\/neutrale.al\/index.php\/wp-json\/wp\/v2\/posts"}],"about":[{"href":"https:\/\/neutrale.al\/index.php\/wp-json\/wp\/v2\/types\/post"}],"author":[{"embeddable":true,"href":"https:\/\/neutrale.al\/index.php\/wp-json\/wp\/v2\/users\/2"}],"replies":[{"embeddable":true,"href":"https:\/\/neutrale.al\/index.php\/wp-json\/wp\/v2\/comments?post=19843"}],"version-history":[{"count":1,"href":"https:\/\/neutrale.al\/index.php\/wp-json\/wp\/v2\/posts\/19843\/revisions"}],"predecessor-version":[{"id":19846,"href":"https:\/\/neutrale.al\/index.php\/wp-json\/wp\/v2\/posts\/19843\/revisions\/19846"}],"wp:featuredmedia":[{"embeddable":true,"href":"https:\/\/neutrale.al\/index.php\/wp-json\/wp\/v2\/media\/19845"}],"wp:attachment":[{"href":"https:\/\/neutrale.al\/index.php\/wp-json\/wp\/v2\/media?parent=19843"}],"wp:term":[{"taxonomy":"category","embeddable":true,"href":"https:\/\/neutrale.al\/index.php\/wp-json\/wp\/v2\/categories?post=19843"},{"taxonomy":"post_tag","embeddable":true,"href":"https:\/\/neutrale.al\/index.php\/wp-json\/wp\/v2\/tags?post=19843"}],"curies":[{"name":"wp","href":"https:\/\/api.w.org\/{rel}","templated":true}]}}