{"id":19823,"date":"2022-09-19T07:59:52","date_gmt":"2022-09-19T07:59:52","guid":{"rendered":"https:\/\/neutrale.al\/?p=19823"},"modified":"2022-09-19T07:59:52","modified_gmt":"2022-09-19T07:59:52","slug":"shba-ja-e-njeh-si-gjenocid-vrasjen-e-pothuajse-1-5-milion-armeneve-nga-turqit-otomane-gjate-luftes-se-pare-boterore","status":"publish","type":"post","link":"https:\/\/neutrale.al\/index.php\/2022\/09\/19\/shba-ja-e-njeh-si-gjenocid-vrasjen-e-pothuajse-1-5-milion-armeneve-nga-turqit-otomane-gjate-luftes-se-pare-boterore\/","title":{"rendered":"SHBA-ja e njeh si gjenocid vrasjen e pothuajse 1.5 milion armen\u00ebve nga turqit otoman\u00eb gjat\u00eb Luft\u00ebs s\u00eb Par\u00eb Bot\u00ebrore"},"content":{"rendered":"<p>Pelosi faj\u00ebson Azerbajxhanin p\u00ebr luftimet e fundit me Armenin\u00eb<\/p>\n<p>Kryetarja e Dhom\u00ebs s\u00eb P\u00ebrfaq\u00ebsuesve t\u00eb Shteteve t\u00eb Bashkuara ka faj\u00ebsuar Azerbajxhanin p\u00ebr luftimet e fundit me Armenin\u00eb, teksa ajo po zhvillon nj\u00eb vizit\u00eb n\u00eb Jerevan p\u00ebr t\u00eb ofruar mb\u00ebshtetje p\u00ebr Armenin\u00eb.<\/p>\n<p>Nancy Pelosi arriti n\u00eb Jerevan m\u00eb 17 shtator. Ajo \u00ebsht\u00eb zyrtarja m\u00eb e lart\u00eb amerikane q\u00eb viziton Armenin\u00eb, q\u00ebkur ky shtet shpalli pavar\u00ebsin\u00eb nga Bashkimi Sovjetik m\u00eb 1991.<\/p>\n<p>Gjat\u00eb nj\u00eb konference p\u00ebr media n\u00eb Jerevan ajo u pyet p\u00ebr luftimet q\u00eb shp\u00ebrthyen jav\u00ebn e kaluar. Pelosi faj\u00ebsoi Azerbajxhanin \u201cp\u00ebr sulme t\u00eb paligjshme dhe vdekjeprur\u00ebse\u201d ndaj Armenis\u00eb.<\/p>\n<p>\u201cNe fuqish\u00ebm i d\u00ebnojm\u00eb k\u00ebto sulme\u201d, tha Pelosi, duke shtuar se luftimet n\u00eb kufi u nxit\u00ebn nga sulmet e Azerbajxhanit.<\/p>\n<p>&#8220;Sa i p\u00ebrket asaj q\u00eb pritet nga Armenia, ne presim mb\u00ebshtetje aktive p\u00ebr demokracin\u00eb, sovranitetin dhe integritetin territorial n\u00eb t\u00eb gjitha drejtimet&#8221;, tha Alen Simonian, kryetar i Parlamentit t\u00eb Armenis\u00eb.<\/p>\n<p>Azerbajxhani d\u00ebnoi deklaratat e Pelosit, duke i cil\u00ebsuar si \u201ct\u00eb papranueshme\u201d.<\/p>\n<p>\u201cAkuzat e padrejta dhe t\u00eb paq\u00ebndrueshme t\u00eb Pelosit kund\u00ebr Azerbajxhanit jan\u00eb t\u00eb papranueshme\u201d, tha Ministria e Jashtme e Azerbajxhanit. \u201cKjo \u00ebsht\u00eb nj\u00eb goditje e r\u00ebnd\u00eb n\u00eb p\u00ebrpjekjet p\u00ebr t\u00eb normalizuar raportet midis Armenis\u00eb dhe Azerbajxhanit\u201d.<\/p>\n<p>Para takimit me kryeministrin e Armenis\u00eb, Nikol Pashinian, Pelosi m\u00eb 18 shtator vendosi kurora lulesh pran\u00eb nj\u00eb monumenti n\u00eb Jerevan p\u00ebr t\u00eb nderuar pothuajse 1.5 milion armen\u00eb q\u00eb vdiq\u00ebn n\u00eb fushatat e orkestruara t\u00eb dhun\u00ebs nga turqit otoman\u00eb gjat\u00eb Luft\u00ebs s\u00eb Par\u00eb Bot\u00ebrore.<\/p>\n<p>Vrasjet jan\u00eb cil\u00ebsuar si gjenocid nga nj\u00eb num\u00ebr i madh historian\u00ebsh si dhe nga Kongresi amerikan, i cili n\u00eb m\u00ebnyr\u00eb unanime miratoi rezolut\u00ebn e gjenocidit m\u00eb 2019.<\/p>\n<p>Presidenti i SHBA-s\u00eb, Joe Biden, zyrtarisht i ka njohur vrasjet si gjenocid n\u00eb prill t\u00eb vitit 2021.<\/p>\n<p>\u201cNga Shtetet e Bashkuara n\u00eb Ukrain\u00eb, Tajvan, Armeni, bota p\u00ebrballet me zgjedhjen midis demokracis\u00eb dhe vet\u00ebqeverisjes, dhe ne duhet t\u00eb zgjedhim s\u00ebrish demokracin\u00eb\u201d, shkroi n\u00eb Twitter Pelosi pasi arriti n\u00eb Armeni.<\/p>\n<p>K\u00ebto deklarata jan\u00eb referenc\u00eb e vizitave q\u00eb Pelosi ka b\u00ebr\u00eb gjat\u00eb muajve t\u00eb fundit. N\u00eb maj, ajo udh\u00ebtoi n\u00eb Kiev ku u takua me presidentin ukrainas, Volodymyr Zelensky, shteti i s\u00eb cilit po p\u00ebrballet me pushtimin rus.<\/p>\n<p>Muajin e kaluar, Pelosi vizitoi Tajvanin, nj\u00eb vizit\u00eb q\u00eb zem\u00ebroi Pekinin, i cila e sheh k\u00ebt\u00eb ishull si provinc\u00eb t\u00eb tij dhe \u00ebsht\u00eb zotuar se do ta bashkoj\u00eb me Kin\u00ebn.<\/p>\n<p>Pelosi \u00ebsht\u00eb nga Kalifornia, sht\u00ebpi e nj\u00eb prej komuniteteve m\u00eb t\u00eb m\u00ebdha etnike armene n\u00eb SHBA. N\u00eb udh\u00ebtimin e saj n\u00eb Armeni, ajo po shoq\u00ebrohet nga ligjv\u00ebn\u00ebset Jackie Speier dhe Anna Eshoo, q\u00eb t\u00eb dyja me prejardhje armene.<\/p>\n<p>Ndryshe, q\u00eb para shp\u00ebrb\u00ebrjes s\u00eb Bashkimit Sovjetik, dy pal\u00ebt kan\u00eb luftuar p\u00ebr rajonin e Nagorno-Karabakut. Forcat armene etnike mor\u00ebn kontrollin e k\u00ebtij rajoni t\u00eb shk\u00ebputur m\u00eb 1994. M\u00eb 2020, Azerbajxhani largoi forcat armene nga shumica e territorit t\u00eb rajonit dhe qarqeve p\u00ebrreth.<\/p>\n<p>N\u00eb dhun\u00ebn e fundit, t\u00eb dyja shtetet shk\u00ebmbyen zjarr p\u00ebrgjat\u00eb kufirit q\u00eb i ndan dhe forcat e Azerbajxhanit kryen sulme edhe brenda territorit t\u00eb Armenis\u00eb.<\/p>\n<p>Rusia, e cila ka raporte t\u00eb mira me t\u00eb dyja shtetet, nd\u00ebrmjet\u00ebsoi nj\u00eb arm\u00ebpushim pak koh\u00eb pas nisjes s\u00eb luftimeve, por p\u00ebrleshjet vazhduan.<\/p>\n<p>Qeveria e Azerbajxhanit ende nuk ka l\u00ebshuar ndonj\u00eb deklarat\u00eb zyrtare lidhur me vizit\u00ebn e Pelosit. REL<\/p>\n","protected":false},"excerpt":{"rendered":"<p>Pelosi faj\u00ebson Azerbajxhanin p\u00ebr luftimet e fundit me Armenin\u00eb Kryetarja e Dhom\u00ebs s\u00eb P\u00ebrfaq\u00ebsuesve t\u00eb Shteteve t\u00eb Bashkuara ka faj\u00ebsuar Azerbajxhanin p\u00ebr luftimet e fundit me Armenin\u00eb, teksa ajo po zhvillon nj\u00eb vizit\u00eb n\u00eb Jerevan p\u00ebr t\u00eb ofruar mb\u00ebshtetje p\u00ebr Armenin\u00eb. Nancy Pelosi arriti n\u00eb Jerevan m\u00eb 17 shtator. Ajo \u00ebsht\u00eb zyrtarja m\u00eb e lart\u00eb [&hellip;]<\/p>\n","protected":false},"author":2,"featured_media":19824,"comment_status":"open","ping_status":"open","sticky":false,"template":"","format":"standard","meta":{"footnotes":""},"categories":[12,118],"tags":[],"class_list":{"0":"post-19823","1":"post","2":"type-post","3":"status-publish","4":"format-standard","5":"has-post-thumbnail","7":"category-bota","8":"category-kryesore"},"_links":{"self":[{"href":"https:\/\/neutrale.al\/index.php\/wp-json\/wp\/v2\/posts\/19823","targetHints":{"allow":["GET"]}}],"collection":[{"href":"https:\/\/neutrale.al\/index.php\/wp-json\/wp\/v2\/posts"}],"about":[{"href":"https:\/\/neutrale.al\/index.php\/wp-json\/wp\/v2\/types\/post"}],"author":[{"embeddable":true,"href":"https:\/\/neutrale.al\/index.php\/wp-json\/wp\/v2\/users\/2"}],"replies":[{"embeddable":true,"href":"https:\/\/neutrale.al\/index.php\/wp-json\/wp\/v2\/comments?post=19823"}],"version-history":[{"count":1,"href":"https:\/\/neutrale.al\/index.php\/wp-json\/wp\/v2\/posts\/19823\/revisions"}],"predecessor-version":[{"id":19825,"href":"https:\/\/neutrale.al\/index.php\/wp-json\/wp\/v2\/posts\/19823\/revisions\/19825"}],"wp:featuredmedia":[{"embeddable":true,"href":"https:\/\/neutrale.al\/index.php\/wp-json\/wp\/v2\/media\/19824"}],"wp:attachment":[{"href":"https:\/\/neutrale.al\/index.php\/wp-json\/wp\/v2\/media?parent=19823"}],"wp:term":[{"taxonomy":"category","embeddable":true,"href":"https:\/\/neutrale.al\/index.php\/wp-json\/wp\/v2\/categories?post=19823"},{"taxonomy":"post_tag","embeddable":true,"href":"https:\/\/neutrale.al\/index.php\/wp-json\/wp\/v2\/tags?post=19823"}],"curies":[{"name":"wp","href":"https:\/\/api.w.org\/{rel}","templated":true}]}}