{"id":19803,"date":"2022-09-18T20:55:02","date_gmt":"2022-09-18T20:55:02","guid":{"rendered":"https:\/\/neutrale.al\/?p=19803"},"modified":"2022-09-18T20:55:02","modified_gmt":"2022-09-18T20:55:02","slug":"kur-kryeministri-i-italise-shkruante-poezi-shqip","status":"publish","type":"post","link":"https:\/\/neutrale.al\/index.php\/2022\/09\/18\/kur-kryeministri-i-italise-shkruante-poezi-shqip\/","title":{"rendered":"Kur kryeministri i Italis\u00eb shkruante poezi shqip"},"content":{"rendered":"<p>Kjo poezi lirike \u00ebsht\u00eb shkruar n\u00eb arb\u00ebrisht prej nj\u00eb themeluesi, revolucionari unifikues, Ministri t\u00eb Brendsh\u00ebm, Kryetari Parlamenti, dy her\u00eb Kryeministri t\u00eb nj\u00eb shteti t\u00eb madh europian, si Italia.<\/p>\n<p>Quhej\u00a0Francesco Crispi&#8230;<\/p>\n<p>Emrin e vet n\u00eb k\u00ebt\u00eb poezi origjinale e ka shkrue:\u00a0\u201cNik Krie-Shpis\u00eb\u201d, ashtu qysh e kan\u00eb quejt\u00eb n\u00eb arb\u00ebrisht bashk\u00ebfshatar\u00ebt.<\/p>\n<p>\u201cCrispi\u201d mandej asht italianizim i \u201cKrye-shpis\u00eb\u201d.<\/p>\n<p>T\u00eb dashur\u00ebs \u2013 Nik Krie-Shpis\u00eb<\/p>\n<p>Bukuria tij t\u00eb nxijti<\/p>\n<p>sit\u00eb e rr\u00f9dhurin k\u00ebsh\u00e8t;<\/p>\n<p>mosnjeri nkak, na t\u00eb glet,<\/p>\n<p>me sor\u00f3s t\u00eb tha: p\u00f2 za.<\/p>\n<p>Te di an\u00ebt t\u00eb volis\u00eb<\/p>\n<p>pa-rr\u00ebf\u00eceme trandafile<\/p>\n<p>tij, e hj\u00e8shmeza kopile,<\/p>\n<p>ftiriosura t\u00eb l\u00e0.<\/p>\n<p>Kur u leve aj\u00f2 t\u00eb puthi,<\/p>\n<p>e mbi buz\u00ebn t\u2019\u00ebnde ngjisi<\/p>\n<p>kuqin bukur, \u00e7\u00eb potisi<\/p>\n<p>m\u00eb gjith t\u2019\u00ebmblit \u00e7\u00eb m\u00eb k\u00e1.<\/p>\n<p>Hire shum\u00eb t\u00eb dhuroi,<\/p>\n<p>t\u00eb dhuroi ng\u00e1 lipisi;<\/p>\n<p>s\u00e1 sh\u00ebrbise, \u00e7\u00eb ti s\u2019di<\/p>\n<p>bukur\u00eceja t\u00eb dha!\u00a0<\/p>\n<p>Kur u rrite, e hj\u00e8shmja jime,<\/p>\n<p>stisi tij at\u00f2 di molla,<\/p>\n<p>t\u00eb p\u00ebrsisme edhe t\u00eb holla,<\/p>\n<p>\u00e7\u00eb t\u00eb mbloj\u00ebn at\u00eb gji.<\/p>\n<p>Muo si nj\u2019\u00ebngj\u00ebll ti m\u00eb duke,<\/p>\n<p>z\u00ebrthin k\u00e9 i rrgj\u00ebnd\u00eb, i lart\u00eb,<\/p>\n<p>e nga trim t\u00eb bunet jart,<\/p>\n<p>sa t\u00eb sheh; e mir\u00eb e di.<\/p>\n<p>\u00a0Kjo vjersh\u00eb u botue s\u00eb pari her\u00eb n\u00eb gazet\u00ebn\u00a0\u201cArbri i Ri\u201d* (La Giovane Albania).\u00a0Vjeti I. N. II. 1 Maj 1887,\u00a0<\/p>\n<p>*(Arbri i Ri \u2013 1887)\u00a0\u2013 Revist\u00eb e p\u00ebrmuajshme shqip dhe italisht e drejtuar prej\u00a0Fran\u00e7esko Stasi Pet\u00ebs\u00a0dhe\u00a0Zef Skiroit. Numri i par\u00eb doli m\u00eb 31.3.1887 n\u00eb Palermo, vijoi tre numra. Botoi shkrime nga autor\u00eb arb\u00ebresh\u00eb si\u00a0Zef Serembe, Fran\u00e7esko Krispi, Glaviano\u00a0etj, pjes\u00eb nga\u00a0Jul Variboba, nga \u201cK\u00ebnka e sprasme e Bal\u00ebs\u201d e Gavril Dar\u00ebs s\u00eb Ri, p\u00ebrralla nga\u00a0K. Xhentile Mandala, nj\u00eb studim t\u00eb\u00a0Gustav Majerit\u00a0p\u00ebr shqiptar\u00ebt, etj.<\/p>\n<p>Burimi\/\u00a0radiandradi.com\u00a0<\/p>\n","protected":false},"excerpt":{"rendered":"<p>Kjo poezi lirike \u00ebsht\u00eb shkruar n\u00eb arb\u00ebrisht prej nj\u00eb themeluesi, revolucionari unifikues, Ministri t\u00eb Brendsh\u00ebm, Kryetari Parlamenti, dy her\u00eb Kryeministri t\u00eb nj\u00eb shteti t\u00eb madh europian, si Italia. Quhej\u00a0Francesco Crispi&#8230; Emrin e vet n\u00eb k\u00ebt\u00eb poezi origjinale e ka shkrue:\u00a0\u201cNik Krie-Shpis\u00eb\u201d, ashtu qysh e kan\u00eb quejt\u00eb n\u00eb arb\u00ebrisht bashk\u00ebfshatar\u00ebt. \u201cCrispi\u201d mandej asht italianizim i \u201cKrye-shpis\u00eb\u201d. [&hellip;]<\/p>\n","protected":false},"author":2,"featured_media":19804,"comment_status":"open","ping_status":"open","sticky":false,"template":"","format":"standard","meta":{"footnotes":""},"categories":[120],"tags":[],"class_list":{"0":"post-19803","1":"post","2":"type-post","3":"status-publish","4":"format-standard","5":"has-post-thumbnail","7":"category-letersi"},"_links":{"self":[{"href":"https:\/\/neutrale.al\/index.php\/wp-json\/wp\/v2\/posts\/19803","targetHints":{"allow":["GET"]}}],"collection":[{"href":"https:\/\/neutrale.al\/index.php\/wp-json\/wp\/v2\/posts"}],"about":[{"href":"https:\/\/neutrale.al\/index.php\/wp-json\/wp\/v2\/types\/post"}],"author":[{"embeddable":true,"href":"https:\/\/neutrale.al\/index.php\/wp-json\/wp\/v2\/users\/2"}],"replies":[{"embeddable":true,"href":"https:\/\/neutrale.al\/index.php\/wp-json\/wp\/v2\/comments?post=19803"}],"version-history":[{"count":1,"href":"https:\/\/neutrale.al\/index.php\/wp-json\/wp\/v2\/posts\/19803\/revisions"}],"predecessor-version":[{"id":19805,"href":"https:\/\/neutrale.al\/index.php\/wp-json\/wp\/v2\/posts\/19803\/revisions\/19805"}],"wp:featuredmedia":[{"embeddable":true,"href":"https:\/\/neutrale.al\/index.php\/wp-json\/wp\/v2\/media\/19804"}],"wp:attachment":[{"href":"https:\/\/neutrale.al\/index.php\/wp-json\/wp\/v2\/media?parent=19803"}],"wp:term":[{"taxonomy":"category","embeddable":true,"href":"https:\/\/neutrale.al\/index.php\/wp-json\/wp\/v2\/categories?post=19803"},{"taxonomy":"post_tag","embeddable":true,"href":"https:\/\/neutrale.al\/index.php\/wp-json\/wp\/v2\/tags?post=19803"}],"curies":[{"name":"wp","href":"https:\/\/api.w.org\/{rel}","templated":true}]}}