{"id":19722,"date":"2022-09-18T15:14:33","date_gmt":"2022-09-18T15:14:33","guid":{"rendered":"https:\/\/neutrale.al\/?p=19722"},"modified":"2022-09-18T15:14:33","modified_gmt":"2022-09-18T15:14:33","slug":"franca-ne-proteste-kunder-politikave-shtrenguese-te-macron","status":"publish","type":"post","link":"https:\/\/neutrale.al\/index.php\/2022\/09\/18\/franca-ne-proteste-kunder-politikave-shtrenguese-te-macron\/","title":{"rendered":"Franca n\u00eb protest\u00eb kund\u00ebr politikave shtr\u00ebnguese t\u00eb Macron"},"content":{"rendered":"<p>Mij\u00ebra qytetar\u00eb kan\u00eb mbushur rrug\u00ebt e Parisit n\u00eb nj\u00eb protest\u00eb t\u00eb thirrur nga partia e djatht\u00eb &#8220;Patriot\u00ebt e Franc\u00ebs&#8221;<\/p>\n<p>Gjat\u00eb protest\u00ebs u b\u00ebn\u00eb thirrje p\u00ebr rishikimin e masave shtr\u00ebnguese dhe u akuzua Presidenti Emmanuel Macron se qeveria e tij po e \u00e7on vendin n\u00eb varf\u00ebri.<\/p>\n<p>Ata k\u00ebrkuan dor\u00ebheqjen e Macron dhe rr\u00ebzimin e qeveris\u00eb jo popullore sikurse e quajt\u00ebn orator\u00ebt.<\/p>\n","protected":false},"excerpt":{"rendered":"<p>Mij\u00ebra qytetar\u00eb kan\u00eb mbushur rrug\u00ebt e Parisit n\u00eb nj\u00eb protest\u00eb t\u00eb thirrur nga partia e djatht\u00eb &#8220;Patriot\u00ebt e Franc\u00ebs&#8221; Gjat\u00eb protest\u00ebs u b\u00ebn\u00eb thirrje p\u00ebr rishikimin e masave shtr\u00ebnguese dhe u akuzua Presidenti Emmanuel Macron se qeveria e tij po e \u00e7on vendin n\u00eb varf\u00ebri. Ata k\u00ebrkuan dor\u00ebheqjen e Macron dhe rr\u00ebzimin e qeveris\u00eb jo [&hellip;]<\/p>\n","protected":false},"author":2,"featured_media":19723,"comment_status":"open","ping_status":"open","sticky":false,"template":"","format":"standard","meta":{"footnotes":""},"categories":[12],"tags":[27],"class_list":{"0":"post-19722","1":"post","2":"type-post","3":"status-publish","4":"format-standard","5":"has-post-thumbnail","7":"category-bota","8":"tag-lajme"},"_links":{"self":[{"href":"https:\/\/neutrale.al\/index.php\/wp-json\/wp\/v2\/posts\/19722","targetHints":{"allow":["GET"]}}],"collection":[{"href":"https:\/\/neutrale.al\/index.php\/wp-json\/wp\/v2\/posts"}],"about":[{"href":"https:\/\/neutrale.al\/index.php\/wp-json\/wp\/v2\/types\/post"}],"author":[{"embeddable":true,"href":"https:\/\/neutrale.al\/index.php\/wp-json\/wp\/v2\/users\/2"}],"replies":[{"embeddable":true,"href":"https:\/\/neutrale.al\/index.php\/wp-json\/wp\/v2\/comments?post=19722"}],"version-history":[{"count":1,"href":"https:\/\/neutrale.al\/index.php\/wp-json\/wp\/v2\/posts\/19722\/revisions"}],"predecessor-version":[{"id":19724,"href":"https:\/\/neutrale.al\/index.php\/wp-json\/wp\/v2\/posts\/19722\/revisions\/19724"}],"wp:featuredmedia":[{"embeddable":true,"href":"https:\/\/neutrale.al\/index.php\/wp-json\/wp\/v2\/media\/19723"}],"wp:attachment":[{"href":"https:\/\/neutrale.al\/index.php\/wp-json\/wp\/v2\/media?parent=19722"}],"wp:term":[{"taxonomy":"category","embeddable":true,"href":"https:\/\/neutrale.al\/index.php\/wp-json\/wp\/v2\/categories?post=19722"},{"taxonomy":"post_tag","embeddable":true,"href":"https:\/\/neutrale.al\/index.php\/wp-json\/wp\/v2\/tags?post=19722"}],"curies":[{"name":"wp","href":"https:\/\/api.w.org\/{rel}","templated":true}]}}