{"id":19703,"date":"2022-09-18T12:43:25","date_gmt":"2022-09-18T12:43:25","guid":{"rendered":"https:\/\/neutrale.al\/?p=19703"},"modified":"2022-09-18T12:43:51","modified_gmt":"2022-09-18T12:43:51","slug":"gara-ne-frpd-mariglend-doci-ne-konispol-te-ferma-e-gezim-avdulit-nje-djalosh-qe-do-te-rrije-ne-atdhe","status":"publish","type":"post","link":"https:\/\/neutrale.al\/index.php\/2022\/09\/18\/gara-ne-frpd-mariglend-doci-ne-konispol-te-ferma-e-gezim-avdulit-nje-djalosh-qe-do-te-rrije-ne-atdhe\/","title":{"rendered":"Gara n\u00eb FRPD\/ Mariglend Do\u00e7i: N\u00eb Konispol te ferma e G\u00ebzim Avdulit, nj\u00eb djalosh q\u00eb do t\u00eb rrij\u00eb n\u00eb atdhe."},"content":{"rendered":"<p>Mariglend Do\u00e7i \u00ebsht\u00eb nj\u00eb nga 6 vajza dhe djem t\u00eb shk\u00eblqyer, q\u00eb garojn\u00eb p\u00ebr kryetar t\u00eb Forumit Rinor t\u00eb PD-s\u00eb.<br \/>\nGazeta jon\u00eb nuk ndjek turin e l\u00ebvizjes dhe takimeve t\u00eb tyre, por sot na b\u00ebri p\u00ebrshtypje subjekti q\u00eb trajton Do\u00e7i, teksa ka takuar nj\u00eb bashk\u00ebmoshatar\u00eb n\u00eb Konispol, duke punuar n\u00eb ferm\u00eb&#8230;<\/p>\n<p>Ja sh\u00ebnimi i tij n\u00eb rrjetet sociale:<\/p>\n<p>K\u00ebt\u00eb fundjav\u00eb n\u00eb turin e takimeve q\u00eb kisha n\u00eb qarkun Vlor\u00eb me t\u00eb rinjt\u00eb u ndala tek ferma e Gezim Avduli n\u00eb Shals t\u00eb Konispolit.<\/p>\n<p>G\u00ebzimi prej vitesh \u00ebsht\u00eb aktiv i Forumit Rinor t\u00eb Sarand\u00ebs dhe kryesisht Konispolit, tek ai gjeta modelin e t\u00eb riut q\u00eb d\u00ebshiron t\u00eb zhvilloj\u00eb ferm\u00ebn e tij p\u00ebr mos tu larguar nga Shqip\u00ebria.<br \/>\nRinia zhvillon bujq\u00ebsin\u00eb!<br \/>\nJu uroj nj\u00eb t\u00eb diel\u00eb t\u00eb mbar\u00eb miq \u270c\ud83c\udffc<\/p>\n<p><img loading=\"lazy\" loading=\"lazy\" decoding=\"async\" src=\"https:\/\/neutrale.al\/wp-content\/uploads\/2022\/09\/9F9D3F81-6BB7-4AF7-B500-049DB56CF6B6-191x300.jpeg\" alt=\"\" width=\"191\" height=\"300\" class=\"alignnone size-medium wp-image-19704\" srcset=\"https:\/\/neutrale.al\/wp-content\/uploads\/2022\/09\/9F9D3F81-6BB7-4AF7-B500-049DB56CF6B6-191x300.jpeg 191w, https:\/\/neutrale.al\/wp-content\/uploads\/2022\/09\/9F9D3F81-6BB7-4AF7-B500-049DB56CF6B6-653x1024.jpeg 653w, https:\/\/neutrale.al\/wp-content\/uploads\/2022\/09\/9F9D3F81-6BB7-4AF7-B500-049DB56CF6B6-768x1204.jpeg 768w, https:\/\/neutrale.al\/wp-content\/uploads\/2022\/09\/9F9D3F81-6BB7-4AF7-B500-049DB56CF6B6-980x1536.jpeg 980w, https:\/\/neutrale.al\/wp-content\/uploads\/2022\/09\/9F9D3F81-6BB7-4AF7-B500-049DB56CF6B6-860x1348.jpeg 860w, https:\/\/neutrale.al\/wp-content\/uploads\/2022\/09\/9F9D3F81-6BB7-4AF7-B500-049DB56CF6B6.jpeg 1021w\" sizes=\"auto, (max-width: 191px) 100vw, 191px\" \/><\/p>\n","protected":false},"excerpt":{"rendered":"<p>Mariglend Do\u00e7i \u00ebsht\u00eb nj\u00eb nga 6 vajza dhe djem t\u00eb shk\u00eblqyer, q\u00eb garojn\u00eb p\u00ebr kryetar t\u00eb Forumit Rinor t\u00eb PD-s\u00eb. Gazeta jon\u00eb nuk ndjek turin e l\u00ebvizjes dhe takimeve t\u00eb tyre, por sot na b\u00ebri p\u00ebrshtypje subjekti q\u00eb trajton Do\u00e7i, teksa ka takuar nj\u00eb bashk\u00ebmoshatar\u00eb n\u00eb Konispol, duke punuar n\u00eb ferm\u00eb&#8230; Ja sh\u00ebnimi i tij [&hellip;]<\/p>\n","protected":false},"author":2,"featured_media":19705,"comment_status":"open","ping_status":"open","sticky":false,"template":"","format":"standard","meta":{"footnotes":""},"categories":[9],"tags":[],"class_list":{"0":"post-19703","1":"post","2":"type-post","3":"status-publish","4":"format-standard","5":"has-post-thumbnail","7":"category-politika"},"_links":{"self":[{"href":"https:\/\/neutrale.al\/index.php\/wp-json\/wp\/v2\/posts\/19703","targetHints":{"allow":["GET"]}}],"collection":[{"href":"https:\/\/neutrale.al\/index.php\/wp-json\/wp\/v2\/posts"}],"about":[{"href":"https:\/\/neutrale.al\/index.php\/wp-json\/wp\/v2\/types\/post"}],"author":[{"embeddable":true,"href":"https:\/\/neutrale.al\/index.php\/wp-json\/wp\/v2\/users\/2"}],"replies":[{"embeddable":true,"href":"https:\/\/neutrale.al\/index.php\/wp-json\/wp\/v2\/comments?post=19703"}],"version-history":[{"count":2,"href":"https:\/\/neutrale.al\/index.php\/wp-json\/wp\/v2\/posts\/19703\/revisions"}],"predecessor-version":[{"id":19707,"href":"https:\/\/neutrale.al\/index.php\/wp-json\/wp\/v2\/posts\/19703\/revisions\/19707"}],"wp:featuredmedia":[{"embeddable":true,"href":"https:\/\/neutrale.al\/index.php\/wp-json\/wp\/v2\/media\/19705"}],"wp:attachment":[{"href":"https:\/\/neutrale.al\/index.php\/wp-json\/wp\/v2\/media?parent=19703"}],"wp:term":[{"taxonomy":"category","embeddable":true,"href":"https:\/\/neutrale.al\/index.php\/wp-json\/wp\/v2\/categories?post=19703"},{"taxonomy":"post_tag","embeddable":true,"href":"https:\/\/neutrale.al\/index.php\/wp-json\/wp\/v2\/tags?post=19703"}],"curies":[{"name":"wp","href":"https:\/\/api.w.org\/{rel}","templated":true}]}}