{"id":19511,"date":"2022-09-17T13:57:04","date_gmt":"2022-09-17T13:57:04","guid":{"rendered":"https:\/\/neutrale.al\/?p=19511"},"modified":"2022-09-17T13:57:04","modified_gmt":"2022-09-17T13:57:04","slug":"ish-kandidati-per-kreun-e-pd-do-te-kete-nje-perplasje-te-forte-midis-rama-veliaj","status":"publish","type":"post","link":"https:\/\/neutrale.al\/index.php\/2022\/09\/17\/ish-kandidati-per-kreun-e-pd-do-te-kete-nje-perplasje-te-forte-midis-rama-veliaj\/","title":{"rendered":"Ish kandidati p\u00ebr kreun e PD : Do t\u00eb ket\u00eb nj\u00eb p\u00ebrplasje t\u00eb fort\u00eb midis Rama-Veliaj"},"content":{"rendered":"<p>\u201cN\u00eb politik\u00eb n\u00ebse nuk p\u00ebrplasen filozofi t\u00eb ndryshme rrotacioni \u00ebsht\u00eb degjenerativ. Mjafton ti referohemi konfliktit fals Berisha-Basha p\u00ebr t\u00eb kuptuar rrug\u00ebn q\u00eb po nd\u00ebrmerr p\u00ebrplasja Rama-Veliaj! Asgj\u00eb parimore por ve\u00e7se luft\u00eb e paprincipt\u00eb p\u00ebr pushtet! Fraza \u201cqorr per qorr, e kam ne oborr\u201d \u00ebsht\u00eb lajtmotivi i dialektik\u00ebs politike n\u00eb Shqip\u00ebrin\u00eb e sotme! Hijena q\u00eb po duan t\u00eb shqyejn\u00eb interesin publik! Ky do jet\u00eb dhe fati i p\u00ebrplasjes n\u00eb vijim ne PS! Shqip\u00ebria nuk do fitoj\u00eb asgj\u00eb!\u201d komenton Kulluri.<\/p>\n","protected":false},"excerpt":{"rendered":"<p>\u201cN\u00eb politik\u00eb n\u00ebse nuk p\u00ebrplasen filozofi t\u00eb ndryshme rrotacioni \u00ebsht\u00eb degjenerativ. Mjafton ti referohemi konfliktit fals Berisha-Basha p\u00ebr t\u00eb kuptuar rrug\u00ebn q\u00eb po nd\u00ebrmerr p\u00ebrplasja Rama-Veliaj! Asgj\u00eb parimore por ve\u00e7se luft\u00eb e paprincipt\u00eb p\u00ebr pushtet! Fraza \u201cqorr per qorr, e kam ne oborr\u201d \u00ebsht\u00eb lajtmotivi i dialektik\u00ebs politike n\u00eb Shqip\u00ebrin\u00eb e sotme! Hijena q\u00eb po [&hellip;]<\/p>\n","protected":false},"author":2,"featured_media":19512,"comment_status":"open","ping_status":"open","sticky":false,"template":"","format":"standard","meta":{"footnotes":""},"categories":[9],"tags":[27],"class_list":{"0":"post-19511","1":"post","2":"type-post","3":"status-publish","4":"format-standard","5":"has-post-thumbnail","7":"category-politika","8":"tag-lajme"},"_links":{"self":[{"href":"https:\/\/neutrale.al\/index.php\/wp-json\/wp\/v2\/posts\/19511","targetHints":{"allow":["GET"]}}],"collection":[{"href":"https:\/\/neutrale.al\/index.php\/wp-json\/wp\/v2\/posts"}],"about":[{"href":"https:\/\/neutrale.al\/index.php\/wp-json\/wp\/v2\/types\/post"}],"author":[{"embeddable":true,"href":"https:\/\/neutrale.al\/index.php\/wp-json\/wp\/v2\/users\/2"}],"replies":[{"embeddable":true,"href":"https:\/\/neutrale.al\/index.php\/wp-json\/wp\/v2\/comments?post=19511"}],"version-history":[{"count":1,"href":"https:\/\/neutrale.al\/index.php\/wp-json\/wp\/v2\/posts\/19511\/revisions"}],"predecessor-version":[{"id":19513,"href":"https:\/\/neutrale.al\/index.php\/wp-json\/wp\/v2\/posts\/19511\/revisions\/19513"}],"wp:featuredmedia":[{"embeddable":true,"href":"https:\/\/neutrale.al\/index.php\/wp-json\/wp\/v2\/media\/19512"}],"wp:attachment":[{"href":"https:\/\/neutrale.al\/index.php\/wp-json\/wp\/v2\/media?parent=19511"}],"wp:term":[{"taxonomy":"category","embeddable":true,"href":"https:\/\/neutrale.al\/index.php\/wp-json\/wp\/v2\/categories?post=19511"},{"taxonomy":"post_tag","embeddable":true,"href":"https:\/\/neutrale.al\/index.php\/wp-json\/wp\/v2\/tags?post=19511"}],"curies":[{"name":"wp","href":"https:\/\/api.w.org\/{rel}","templated":true}]}}