{"id":19448,"date":"2022-09-17T08:06:54","date_gmt":"2022-09-17T08:06:54","guid":{"rendered":"https:\/\/neutrale.al\/?p=19448"},"modified":"2022-09-17T08:06:54","modified_gmt":"2022-09-17T08:06:54","slug":"kthimi-i-te-djathtes-ne-suedi-cfare-ndryshon-per-emigrantet","status":"publish","type":"post","link":"https:\/\/neutrale.al\/index.php\/2022\/09\/17\/kthimi-i-te-djathtes-ne-suedi-cfare-ndryshon-per-emigrantet\/","title":{"rendered":"Kthimi i t\u00eb djatht\u00ebs n\u00eb Suedi: \u00c7far\u00eb ndryshon p\u00ebr emigrant\u00ebt ?"},"content":{"rendered":"<p>Shtat\u00eb pika \u2013 k\u00ebshtu mund t\u00eb jet\u00eb politika e emigracionit t\u00eb s\u00eb djatht\u00ebs<br \/>\nZGJEDHJET E 2022<br \/>\nPublikuar m\u00eb 16 shtator 2022 n\u00eb or\u00ebn 10.27<\/p>\n<p>Ulf Kristersson (M), Jimmie \u00c5kesson (SD), Ebba Busch (KD) dhe Johan Pehrson (L) p\u00ebrb\u00ebjn\u00eb baz\u00ebn p\u00ebr nj\u00eb qeveri t\u00eb re.<\/p>\n<p>Johan Pehrson, Jimmie \u00c5kesson, Ebba Busch dhe Ulf Kristersson para debatit p\u00ebrfundimtar t\u00eb Sveriges Radio n\u00eb fushat\u00ebn zgjedhore.<\/p>\n<p>Premium:Ulf Kristersson, Jimmie \u00c5kesson, Ebba Busch dhe Johan Pehrson tashm\u00eb bien dakord mbi tiparet kryesore t\u00eb politik\u00ebs s\u00eb qeveris\u00eb s\u00eb re t\u00eb imigracionit, sipas informator\u00ebve t\u00eb Expressen.<br \/>\nDo t\u00eb jet\u00eb m\u00eb e v\u00ebshtir\u00eb p\u00ebr t\u00eb marr\u00eb nj\u00eb leje q\u00ebndrimi, do t\u00eb vendosen k\u00ebrkesat gjuh\u00ebsore, imigrimi i an\u00ebtar\u00ebve t\u00eb familjes do t\u00eb kufizohet, k\u00ebrkesat p\u00ebr mb\u00ebshtetje do t\u00eb shtr\u00ebngohen &#8211; dhe shtetasit e huaj q\u00eb kryejn\u00eb krime duhet t\u00eb d\u00ebbohen.<br \/>\n&#8211; Propozimet jan\u00eb hetuar plot\u00ebsisht dhe mund t\u00eb b\u00ebhen ligj shpejt, thot\u00eb Robert Hannah, z\u00ebdh\u00ebn\u00ebs i politik\u00ebs s\u00eb migracionit p\u00ebr Liberal\u00ebt.<\/p>\n<p><img loading=\"lazy\" loading=\"lazy\" decoding=\"async\" src=\"https:\/\/neutrale.al\/wp-content\/uploads\/2022\/09\/A1E6C3D0-8EFC-400D-B84B-B7A5D96C9019-300x189.jpeg\" alt=\"\" width=\"300\" height=\"189\" class=\"alignnone size-medium wp-image-19449\" srcset=\"https:\/\/neutrale.al\/wp-content\/uploads\/2022\/09\/A1E6C3D0-8EFC-400D-B84B-B7A5D96C9019-300x189.jpeg 300w, https:\/\/neutrale.al\/wp-content\/uploads\/2022\/09\/A1E6C3D0-8EFC-400D-B84B-B7A5D96C9019-1024x646.jpeg 1024w, https:\/\/neutrale.al\/wp-content\/uploads\/2022\/09\/A1E6C3D0-8EFC-400D-B84B-B7A5D96C9019-768x484.jpeg 768w, https:\/\/neutrale.al\/wp-content\/uploads\/2022\/09\/A1E6C3D0-8EFC-400D-B84B-B7A5D96C9019-860x542.jpeg 860w, https:\/\/neutrale.al\/wp-content\/uploads\/2022\/09\/A1E6C3D0-8EFC-400D-B84B-B7A5D96C9019.jpeg 1170w\" sizes=\"auto, (max-width: 300px) 100vw, 300px\" \/><\/p>\n","protected":false},"excerpt":{"rendered":"<p>Shtat\u00eb pika \u2013 k\u00ebshtu mund t\u00eb jet\u00eb politika e emigracionit t\u00eb s\u00eb djatht\u00ebs ZGJEDHJET E 2022 Publikuar m\u00eb 16 shtator 2022 n\u00eb or\u00ebn 10.27 Ulf Kristersson (M), Jimmie \u00c5kesson (SD), Ebba Busch (KD) dhe Johan Pehrson (L) p\u00ebrb\u00ebjn\u00eb baz\u00ebn p\u00ebr nj\u00eb qeveri t\u00eb re. Johan Pehrson, Jimmie \u00c5kesson, Ebba Busch dhe Ulf Kristersson para debatit [&hellip;]<\/p>\n","protected":false},"author":2,"featured_media":19450,"comment_status":"open","ping_status":"open","sticky":false,"template":"","format":"standard","meta":{"footnotes":""},"categories":[12],"tags":[27],"class_list":{"0":"post-19448","1":"post","2":"type-post","3":"status-publish","4":"format-standard","5":"has-post-thumbnail","7":"category-bota","8":"tag-lajme"},"_links":{"self":[{"href":"https:\/\/neutrale.al\/index.php\/wp-json\/wp\/v2\/posts\/19448","targetHints":{"allow":["GET"]}}],"collection":[{"href":"https:\/\/neutrale.al\/index.php\/wp-json\/wp\/v2\/posts"}],"about":[{"href":"https:\/\/neutrale.al\/index.php\/wp-json\/wp\/v2\/types\/post"}],"author":[{"embeddable":true,"href":"https:\/\/neutrale.al\/index.php\/wp-json\/wp\/v2\/users\/2"}],"replies":[{"embeddable":true,"href":"https:\/\/neutrale.al\/index.php\/wp-json\/wp\/v2\/comments?post=19448"}],"version-history":[{"count":1,"href":"https:\/\/neutrale.al\/index.php\/wp-json\/wp\/v2\/posts\/19448\/revisions"}],"predecessor-version":[{"id":19451,"href":"https:\/\/neutrale.al\/index.php\/wp-json\/wp\/v2\/posts\/19448\/revisions\/19451"}],"wp:featuredmedia":[{"embeddable":true,"href":"https:\/\/neutrale.al\/index.php\/wp-json\/wp\/v2\/media\/19450"}],"wp:attachment":[{"href":"https:\/\/neutrale.al\/index.php\/wp-json\/wp\/v2\/media?parent=19448"}],"wp:term":[{"taxonomy":"category","embeddable":true,"href":"https:\/\/neutrale.al\/index.php\/wp-json\/wp\/v2\/categories?post=19448"},{"taxonomy":"post_tag","embeddable":true,"href":"https:\/\/neutrale.al\/index.php\/wp-json\/wp\/v2\/tags?post=19448"}],"curies":[{"name":"wp","href":"https:\/\/api.w.org\/{rel}","templated":true}]}}