{"id":19413,"date":"2022-09-17T07:52:00","date_gmt":"2022-09-17T07:52:00","guid":{"rendered":"https:\/\/neutrale.al\/?p=19413"},"modified":"2022-09-17T07:52:00","modified_gmt":"2022-09-17T07:52:00","slug":"parashikimi-i-motit-7","status":"publish","type":"post","link":"https:\/\/neutrale.al\/index.php\/2022\/09\/17\/parashikimi-i-motit-7\/","title":{"rendered":"Parashikimi i motit"},"content":{"rendered":"<p>Parashikohet q\u00eb dit\u00ebn e sotme territori shqiptar do t\u00eb jet\u00eb n\u00ebn ndikimin e vran\u00ebsirave t\u00eb shumta t\u00eb cilat do t\u00eb gjenerojn\u00eb reshje shiu n\u00eb t\u00eb gjith\u00eb territorin.<\/p>\n<p>Sipas MeteoAlb, po ashtu dhe n\u00eb vijim do t\u00eb ket\u00eb reshje, por pritet q\u00eb vran\u00ebsirat t\u00eb p\u00ebsojn\u00eb zhvillime t\u00eb p\u00ebrkoh\u00ebsisht duke gjeneruar edhe rrebeshe shiu.<\/p>\n<p>Temperaturat e ajrit do t\u00eb ulen ndjesh\u00ebm n\u00eb m\u00ebngjes dhe n\u00eb mesdit\u00eb duke luhatur vlerat ditore nga 12\u00b0C deri n\u00eb 29\u00b0C.<\/p>\n<p>Era do t\u00eb fryj\u00eb mesatare n\u00eb tok\u00eb dhe e fort\u00eb n\u00eb det me shpejt\u00ebsi 55 km\/h nga drejtimi Verior duke krijuar dallg\u00ebzim 5 ball\u00eb.<\/p>\n","protected":false},"excerpt":{"rendered":"<p>Parashikohet q\u00eb dit\u00ebn e sotme territori shqiptar do t\u00eb jet\u00eb n\u00ebn ndikimin e vran\u00ebsirave t\u00eb shumta t\u00eb cilat do t\u00eb gjenerojn\u00eb reshje shiu n\u00eb t\u00eb gjith\u00eb territorin. Sipas MeteoAlb, po ashtu dhe n\u00eb vijim do t\u00eb ket\u00eb reshje, por pritet q\u00eb vran\u00ebsirat t\u00eb p\u00ebsojn\u00eb zhvillime t\u00eb p\u00ebrkoh\u00ebsisht duke gjeneruar edhe rrebeshe shiu. Temperaturat e ajrit [&hellip;]<\/p>\n","protected":false},"author":2,"featured_media":19414,"comment_status":"open","ping_status":"open","sticky":false,"template":"","format":"standard","meta":{"footnotes":""},"categories":[1],"tags":[],"class_list":{"0":"post-19413","1":"post","2":"type-post","3":"status-publish","4":"format-standard","5":"has-post-thumbnail","7":"category-te-tjera"},"_links":{"self":[{"href":"https:\/\/neutrale.al\/index.php\/wp-json\/wp\/v2\/posts\/19413","targetHints":{"allow":["GET"]}}],"collection":[{"href":"https:\/\/neutrale.al\/index.php\/wp-json\/wp\/v2\/posts"}],"about":[{"href":"https:\/\/neutrale.al\/index.php\/wp-json\/wp\/v2\/types\/post"}],"author":[{"embeddable":true,"href":"https:\/\/neutrale.al\/index.php\/wp-json\/wp\/v2\/users\/2"}],"replies":[{"embeddable":true,"href":"https:\/\/neutrale.al\/index.php\/wp-json\/wp\/v2\/comments?post=19413"}],"version-history":[{"count":1,"href":"https:\/\/neutrale.al\/index.php\/wp-json\/wp\/v2\/posts\/19413\/revisions"}],"predecessor-version":[{"id":19415,"href":"https:\/\/neutrale.al\/index.php\/wp-json\/wp\/v2\/posts\/19413\/revisions\/19415"}],"wp:featuredmedia":[{"embeddable":true,"href":"https:\/\/neutrale.al\/index.php\/wp-json\/wp\/v2\/media\/19414"}],"wp:attachment":[{"href":"https:\/\/neutrale.al\/index.php\/wp-json\/wp\/v2\/media?parent=19413"}],"wp:term":[{"taxonomy":"category","embeddable":true,"href":"https:\/\/neutrale.al\/index.php\/wp-json\/wp\/v2\/categories?post=19413"},{"taxonomy":"post_tag","embeddable":true,"href":"https:\/\/neutrale.al\/index.php\/wp-json\/wp\/v2\/tags?post=19413"}],"curies":[{"name":"wp","href":"https:\/\/api.w.org\/{rel}","templated":true}]}}