{"id":19378,"date":"2022-09-16T16:36:50","date_gmt":"2022-09-16T16:36:50","guid":{"rendered":"https:\/\/neutrale.al\/?p=19378"},"modified":"2022-09-16T16:36:50","modified_gmt":"2022-09-16T16:36:50","slug":"permbytjet-e-jashtezakonshme-ne-itali-qeveria-akordon-5-milione-euro","status":"publish","type":"post","link":"https:\/\/neutrale.al\/index.php\/2022\/09\/16\/permbytjet-e-jashtezakonshme-ne-itali-qeveria-akordon-5-milione-euro\/","title":{"rendered":"P\u00ebrmbytjet e jasht\u00ebzakonshme n\u00eb Itali, qeveria akordon 5 milion\u00eb euro"},"content":{"rendered":"<p>Pas p\u00ebrmbytjeve masive n\u00eb rajonin e Marche t\u00eb Italis\u00eb, qeveria do t\u00eb alokoj\u00eb 5 milion\u00eb euro p\u00ebr nevojat imediate.<br \/>\nKjo u b\u00eb me dije nga kryeministri Mario Draghi pas vizit\u00ebs q\u00eb zhvilloi n\u00eb zon\u00ebn e p\u00ebrmbytur.<\/p>\n<p>\u201cS\u00eb pari dua t\u00eb shpreh ngush\u00ebllimet e mia m\u00eb t\u00eb thella p\u00ebr viktimat e p\u00ebrmbytjeve n\u00eb Marche dhe dua dhe p\u00ebr t\u00eb gjith\u00eb t\u00eb l\u00ebnduarit. Kreu i Mbrojtjes Civile ndodhet n\u00eb terren p\u00ebr t\u00eb ofruar t\u00eb gjith\u00eb mb\u00ebshtetjen e nevojshme nga qeveria. MKZH ka miratuar 5 milion\u00eb euro p\u00ebr nevojat baz\u00eb, qeveria do t\u00eb b\u00ebj\u00eb \u00e7far\u00eb t\u00eb jet\u00eb e nevojshme\u201d, shtoi Draghi.<\/p>\n<p><img loading=\"lazy\" loading=\"lazy\" decoding=\"async\" src=\"https:\/\/neutrale.al\/wp-content\/uploads\/2022\/09\/0FE5752C-7507-47B1-A279-554168F262C3-300x169.jpeg\" alt=\"\" width=\"300\" height=\"169\" class=\"alignnone size-medium wp-image-19379\" srcset=\"https:\/\/neutrale.al\/wp-content\/uploads\/2022\/09\/0FE5752C-7507-47B1-A279-554168F262C3-300x169.jpeg 300w, https:\/\/neutrale.al\/wp-content\/uploads\/2022\/09\/0FE5752C-7507-47B1-A279-554168F262C3-768x432.jpeg 768w, https:\/\/neutrale.al\/wp-content\/uploads\/2022\/09\/0FE5752C-7507-47B1-A279-554168F262C3-860x484.jpeg 860w, https:\/\/neutrale.al\/wp-content\/uploads\/2022\/09\/0FE5752C-7507-47B1-A279-554168F262C3.jpeg 1024w\" sizes=\"auto, (max-width: 300px) 100vw, 300px\" \/><\/p>\n","protected":false},"excerpt":{"rendered":"<p>Pas p\u00ebrmbytjeve masive n\u00eb rajonin e Marche t\u00eb Italis\u00eb, qeveria do t\u00eb alokoj\u00eb 5 milion\u00eb euro p\u00ebr nevojat imediate. Kjo u b\u00eb me dije nga kryeministri Mario Draghi pas vizit\u00ebs q\u00eb zhvilloi n\u00eb zon\u00ebn e p\u00ebrmbytur. \u201cS\u00eb pari dua t\u00eb shpreh ngush\u00ebllimet e mia m\u00eb t\u00eb thella p\u00ebr viktimat e p\u00ebrmbytjeve n\u00eb Marche dhe dua [&hellip;]<\/p>\n","protected":false},"author":2,"featured_media":19380,"comment_status":"open","ping_status":"open","sticky":false,"template":"","format":"standard","meta":{"footnotes":""},"categories":[12],"tags":[27],"class_list":{"0":"post-19378","1":"post","2":"type-post","3":"status-publish","4":"format-standard","5":"has-post-thumbnail","7":"category-bota","8":"tag-lajme"},"_links":{"self":[{"href":"https:\/\/neutrale.al\/index.php\/wp-json\/wp\/v2\/posts\/19378","targetHints":{"allow":["GET"]}}],"collection":[{"href":"https:\/\/neutrale.al\/index.php\/wp-json\/wp\/v2\/posts"}],"about":[{"href":"https:\/\/neutrale.al\/index.php\/wp-json\/wp\/v2\/types\/post"}],"author":[{"embeddable":true,"href":"https:\/\/neutrale.al\/index.php\/wp-json\/wp\/v2\/users\/2"}],"replies":[{"embeddable":true,"href":"https:\/\/neutrale.al\/index.php\/wp-json\/wp\/v2\/comments?post=19378"}],"version-history":[{"count":1,"href":"https:\/\/neutrale.al\/index.php\/wp-json\/wp\/v2\/posts\/19378\/revisions"}],"predecessor-version":[{"id":19381,"href":"https:\/\/neutrale.al\/index.php\/wp-json\/wp\/v2\/posts\/19378\/revisions\/19381"}],"wp:featuredmedia":[{"embeddable":true,"href":"https:\/\/neutrale.al\/index.php\/wp-json\/wp\/v2\/media\/19380"}],"wp:attachment":[{"href":"https:\/\/neutrale.al\/index.php\/wp-json\/wp\/v2\/media?parent=19378"}],"wp:term":[{"taxonomy":"category","embeddable":true,"href":"https:\/\/neutrale.al\/index.php\/wp-json\/wp\/v2\/categories?post=19378"},{"taxonomy":"post_tag","embeddable":true,"href":"https:\/\/neutrale.al\/index.php\/wp-json\/wp\/v2\/tags?post=19378"}],"curies":[{"name":"wp","href":"https:\/\/api.w.org\/{rel}","templated":true}]}}