{"id":19362,"date":"2022-09-16T15:39:49","date_gmt":"2022-09-16T15:39:49","guid":{"rendered":"https:\/\/neutrale.al\/?p=19362"},"modified":"2022-09-16T15:39:49","modified_gmt":"2022-09-16T15:39:49","slug":"peshkopia-zaptohet-nga-qente-te-rinjte-ikin-neper-bote","status":"publish","type":"post","link":"https:\/\/neutrale.al\/index.php\/2022\/09\/16\/peshkopia-zaptohet-nga-qente-te-rinjte-ikin-neper-bote\/","title":{"rendered":"Peshkopia &#8220;zaptohet&#8221; nga qent\u00eb, t\u00eb rinjt\u00eb ikin n\u00ebp\u00ebr bot\u00eb"},"content":{"rendered":"<p>\u00cbsht\u00eb nj\u00eb shqet\u00ebsim q\u00eb e kan\u00eb p\u00ebrcjell\u00eb n\u00eb rrjetet sociale disa qytetar\u00eb, por sot sensibilizon edhe deputeti i qarkut Dib\u00ebr Xhelal Mziu.<\/p>\n<p>Mziu jo vet\u00ebm konstaton, por edhe ironizon, n\u00eb fakt d\u00ebshmon dhimbje, kur shkruan:&#8221;T\u00eb rinjt\u00eb ikin, qent\u00eb zaptojn\u00eb qytetin&#8221;.<br \/>\nSh\u00ebnimi i tij \u00ebsht\u00eb m\u00eb posht\u00eb:<\/p>\n<p>Kopeja e qenve n\u00eb qytetin e Peshkopis\u00eb po lul\u00ebzon n\u00eb saj t\u00eb rilindjes!<\/p>\n<p>\ud83d\udd3a\ufe0fT\u00eb rinj\u00ebt i kan\u00eb p\u00ebrz\u00ebn\u00eb nga Dibra dhe nga Shqip\u00ebria, p\u00ebr shkak t\u00eb papun\u00ebsis\u00eb e varf\u00ebris\u00eb!<\/p>\n<p><img loading=\"lazy\" loading=\"lazy\" decoding=\"async\" src=\"https:\/\/neutrale.al\/wp-content\/uploads\/2022\/09\/CA4DEBA4-25BC-4599-B57E-1BBD66E10A5A-205x300.jpeg\" alt=\"\" width=\"205\" height=\"300\" class=\"alignnone size-medium wp-image-19363\" srcset=\"https:\/\/neutrale.al\/wp-content\/uploads\/2022\/09\/CA4DEBA4-25BC-4599-B57E-1BBD66E10A5A-205x300.jpeg 205w, https:\/\/neutrale.al\/wp-content\/uploads\/2022\/09\/CA4DEBA4-25BC-4599-B57E-1BBD66E10A5A-698x1024.jpeg 698w, https:\/\/neutrale.al\/wp-content\/uploads\/2022\/09\/CA4DEBA4-25BC-4599-B57E-1BBD66E10A5A-768x1127.jpeg 768w, https:\/\/neutrale.al\/wp-content\/uploads\/2022\/09\/CA4DEBA4-25BC-4599-B57E-1BBD66E10A5A-1047x1536.jpeg 1047w, https:\/\/neutrale.al\/wp-content\/uploads\/2022\/09\/CA4DEBA4-25BC-4599-B57E-1BBD66E10A5A-860x1262.jpeg 860w, https:\/\/neutrale.al\/wp-content\/uploads\/2022\/09\/CA4DEBA4-25BC-4599-B57E-1BBD66E10A5A.jpeg 1283w\" sizes=\"auto, (max-width: 205px) 100vw, 205px\" \/><\/p>\n<p><img loading=\"lazy\" loading=\"lazy\" decoding=\"async\" src=\"https:\/\/neutrale.al\/wp-content\/uploads\/2022\/09\/DBE0AE73-DAB6-43F4-9AE1-940771FA9C52-272x300.jpeg\" alt=\"\" width=\"272\" height=\"300\" class=\"alignnone size-medium wp-image-19364\" srcset=\"https:\/\/neutrale.al\/wp-content\/uploads\/2022\/09\/DBE0AE73-DAB6-43F4-9AE1-940771FA9C52-272x300.jpeg 272w, https:\/\/neutrale.al\/wp-content\/uploads\/2022\/09\/DBE0AE73-DAB6-43F4-9AE1-940771FA9C52-768x846.jpeg 768w, https:\/\/neutrale.al\/wp-content\/uploads\/2022\/09\/DBE0AE73-DAB6-43F4-9AE1-940771FA9C52-860x948.jpeg 860w, https:\/\/neutrale.al\/wp-content\/uploads\/2022\/09\/DBE0AE73-DAB6-43F4-9AE1-940771FA9C52.jpeg 871w\" sizes=\"auto, (max-width: 272px) 100vw, 272px\" \/><\/p>\n<p><img loading=\"lazy\" loading=\"lazy\" decoding=\"async\" src=\"https:\/\/neutrale.al\/wp-content\/uploads\/2022\/09\/FC447A1D-9550-4FC5-A6C5-7FD46CD52D5C-294x300.jpeg\" alt=\"\" width=\"294\" height=\"300\" class=\"alignnone size-medium wp-image-19365\" srcset=\"https:\/\/neutrale.al\/wp-content\/uploads\/2022\/09\/FC447A1D-9550-4FC5-A6C5-7FD46CD52D5C-294x300.jpeg 294w, https:\/\/neutrale.al\/wp-content\/uploads\/2022\/09\/FC447A1D-9550-4FC5-A6C5-7FD46CD52D5C-768x784.jpeg 768w, https:\/\/neutrale.al\/wp-content\/uploads\/2022\/09\/FC447A1D-9550-4FC5-A6C5-7FD46CD52D5C-860x878.jpeg 860w, https:\/\/neutrale.al\/wp-content\/uploads\/2022\/09\/FC447A1D-9550-4FC5-A6C5-7FD46CD52D5C.jpeg 940w\" sizes=\"auto, (max-width: 294px) 100vw, 294px\" \/><\/p>\n","protected":false},"excerpt":{"rendered":"<p>\u00cbsht\u00eb nj\u00eb shqet\u00ebsim q\u00eb e kan\u00eb p\u00ebrcjell\u00eb n\u00eb rrjetet sociale disa qytetar\u00eb, por sot sensibilizon edhe deputeti i qarkut Dib\u00ebr Xhelal Mziu. Mziu jo vet\u00ebm konstaton, por edhe ironizon, n\u00eb fakt d\u00ebshmon dhimbje, kur shkruan:&#8221;T\u00eb rinjt\u00eb ikin, qent\u00eb zaptojn\u00eb qytetin&#8221;. Sh\u00ebnimi i tij \u00ebsht\u00eb m\u00eb posht\u00eb: Kopeja e qenve n\u00eb qytetin e Peshkopis\u00eb po lul\u00ebzon [&hellip;]<\/p>\n","protected":false},"author":2,"featured_media":19366,"comment_status":"open","ping_status":"open","sticky":false,"template":"","format":"standard","meta":{"footnotes":""},"categories":[117],"tags":[27],"class_list":{"0":"post-19362","1":"post","2":"type-post","3":"status-publish","4":"format-standard","5":"has-post-thumbnail","7":"category-aktualitet","8":"tag-lajme"},"_links":{"self":[{"href":"https:\/\/neutrale.al\/index.php\/wp-json\/wp\/v2\/posts\/19362","targetHints":{"allow":["GET"]}}],"collection":[{"href":"https:\/\/neutrale.al\/index.php\/wp-json\/wp\/v2\/posts"}],"about":[{"href":"https:\/\/neutrale.al\/index.php\/wp-json\/wp\/v2\/types\/post"}],"author":[{"embeddable":true,"href":"https:\/\/neutrale.al\/index.php\/wp-json\/wp\/v2\/users\/2"}],"replies":[{"embeddable":true,"href":"https:\/\/neutrale.al\/index.php\/wp-json\/wp\/v2\/comments?post=19362"}],"version-history":[{"count":1,"href":"https:\/\/neutrale.al\/index.php\/wp-json\/wp\/v2\/posts\/19362\/revisions"}],"predecessor-version":[{"id":19367,"href":"https:\/\/neutrale.al\/index.php\/wp-json\/wp\/v2\/posts\/19362\/revisions\/19367"}],"wp:featuredmedia":[{"embeddable":true,"href":"https:\/\/neutrale.al\/index.php\/wp-json\/wp\/v2\/media\/19366"}],"wp:attachment":[{"href":"https:\/\/neutrale.al\/index.php\/wp-json\/wp\/v2\/media?parent=19362"}],"wp:term":[{"taxonomy":"category","embeddable":true,"href":"https:\/\/neutrale.al\/index.php\/wp-json\/wp\/v2\/categories?post=19362"},{"taxonomy":"post_tag","embeddable":true,"href":"https:\/\/neutrale.al\/index.php\/wp-json\/wp\/v2\/tags?post=19362"}],"curies":[{"name":"wp","href":"https:\/\/api.w.org\/{rel}","templated":true}]}}