{"id":19332,"date":"2022-09-16T10:52:55","date_gmt":"2022-09-16T10:52:55","guid":{"rendered":"https:\/\/neutrale.al\/?p=19332"},"modified":"2022-09-16T10:52:55","modified_gmt":"2022-09-16T10:52:55","slug":"berisha-me-gazetaret-vladimir-putin-dhe-rusia-rrezik-madhor-per-paqen-dhe-stabilitetin-ne-europe","status":"publish","type":"post","link":"https:\/\/neutrale.al\/index.php\/2022\/09\/16\/berisha-me-gazetaret-vladimir-putin-dhe-rusia-rrezik-madhor-per-paqen-dhe-stabilitetin-ne-europe\/","title":{"rendered":"Berisha me gazetar\u00ebt: Vladimir Putin dhe Rusia, rrezik madhor p\u00ebr paqen dhe stabilitetin n\u00eb Europ\u00eb"},"content":{"rendered":"<p>Vladimir Putini dhe Rusia jan\u00eb rrezik madhor p\u00ebr paqen dhe stabilitetin n\u00eb Europ\u00eb.<\/p>\n<p>N\u00eb kuad\u00ebr t\u00eb debateve t\u00eb shp\u00ebrthyera dit\u00ebt e fundit, PD deklaron sa vijon:<br \/>\nPD si parti e interesit komb\u00ebtar t\u00eb shqiptar\u00ebve \u00ebsht\u00eb forca e par\u00eb q\u00eb ka k\u00ebrkuar an\u00ebtar\u00ebsimin n\u00eb NATO. E ka b\u00ebr\u00eb k\u00ebt\u00eb, n\u00eb nj\u00eb koh\u00eb kur t\u00eb tjer\u00ebt nuk kan\u00eb arritur ta b\u00ebjn\u00eb.<\/p>\n<p>PD n\u00eb qeveri, \u00ebsht\u00eb nd\u00ebr vendet m\u00eb t\u00eb para q\u00eb ka firmosur partneritetin p\u00ebr paqen me NATO-n, n\u00eb kund\u00ebrshtim me interesat strategjike t\u00eb Rusis\u00eb.<\/p>\n<p>PD \u00ebsht\u00eb forca q\u00eb ka vendosur vendin n\u00eb dispozicion p\u00ebr manovrat e NATO-s dhe SHBA. N\u00eb det, aj\u00ebr dhe tok\u00eb. Nd\u00ebrkoh\u00eb q\u00eb PS sillte rezoluta n\u00eb parlament kund\u00ebr bashk\u00ebpunimit dhe an\u00ebtar\u00ebsimit n\u00eb NATO.<\/p>\n<p>PD n\u00eb qeveri \u00ebsht\u00eb forca q\u00eb kund\u00ebr interesave strategjike ruse, an\u00ebtar\u00ebsoi Shqip\u00ebrin\u00eb n\u00eb NATO.<br \/>\nPD n\u00eb qeveri, duke kund\u00ebrshtuar interesat madhore strategjike ruse, dha nj\u00eb kontribut historik me rolin e saj n\u00eb projektin e gazsjell\u00ebsit TAP, duke mos u joshur nga asnj\u00eb presion. Ajo mb\u00ebshteti, loboi p\u00ebr TAP, duke parandaluar k\u00ebshtu pushtimit t\u00eb korridorit t\u00eb jugut t\u00eb Europ\u00ebs nga gazi rus.<\/p>\n<p>N\u00eb organizatat nd\u00ebrkomb\u00ebtare, PD n\u00eb qeveri ka mb\u00ebshtetur \u00e7do rezolut\u00eb t\u00eb SHBA dhe NATO p\u00ebr sigurin\u00eb n\u00eb bot\u00eb.<\/p>\n","protected":false},"excerpt":{"rendered":"<p>Vladimir Putini dhe Rusia jan\u00eb rrezik madhor p\u00ebr paqen dhe stabilitetin n\u00eb Europ\u00eb. N\u00eb kuad\u00ebr t\u00eb debateve t\u00eb shp\u00ebrthyera dit\u00ebt e fundit, PD deklaron sa vijon: PD si parti e interesit komb\u00ebtar t\u00eb shqiptar\u00ebve \u00ebsht\u00eb forca e par\u00eb q\u00eb ka k\u00ebrkuar an\u00ebtar\u00ebsimin n\u00eb NATO. E ka b\u00ebr\u00eb k\u00ebt\u00eb, n\u00eb nj\u00eb koh\u00eb kur t\u00eb tjer\u00ebt nuk [&hellip;]<\/p>\n","protected":false},"author":2,"featured_media":19333,"comment_status":"open","ping_status":"open","sticky":false,"template":"","format":"standard","meta":{"footnotes":""},"categories":[9],"tags":[27],"class_list":{"0":"post-19332","1":"post","2":"type-post","3":"status-publish","4":"format-standard","5":"has-post-thumbnail","7":"category-politika","8":"tag-lajme"},"_links":{"self":[{"href":"https:\/\/neutrale.al\/index.php\/wp-json\/wp\/v2\/posts\/19332","targetHints":{"allow":["GET"]}}],"collection":[{"href":"https:\/\/neutrale.al\/index.php\/wp-json\/wp\/v2\/posts"}],"about":[{"href":"https:\/\/neutrale.al\/index.php\/wp-json\/wp\/v2\/types\/post"}],"author":[{"embeddable":true,"href":"https:\/\/neutrale.al\/index.php\/wp-json\/wp\/v2\/users\/2"}],"replies":[{"embeddable":true,"href":"https:\/\/neutrale.al\/index.php\/wp-json\/wp\/v2\/comments?post=19332"}],"version-history":[{"count":1,"href":"https:\/\/neutrale.al\/index.php\/wp-json\/wp\/v2\/posts\/19332\/revisions"}],"predecessor-version":[{"id":19334,"href":"https:\/\/neutrale.al\/index.php\/wp-json\/wp\/v2\/posts\/19332\/revisions\/19334"}],"wp:featuredmedia":[{"embeddable":true,"href":"https:\/\/neutrale.al\/index.php\/wp-json\/wp\/v2\/media\/19333"}],"wp:attachment":[{"href":"https:\/\/neutrale.al\/index.php\/wp-json\/wp\/v2\/media?parent=19332"}],"wp:term":[{"taxonomy":"category","embeddable":true,"href":"https:\/\/neutrale.al\/index.php\/wp-json\/wp\/v2\/categories?post=19332"},{"taxonomy":"post_tag","embeddable":true,"href":"https:\/\/neutrale.al\/index.php\/wp-json\/wp\/v2\/tags?post=19332"}],"curies":[{"name":"wp","href":"https:\/\/api.w.org\/{rel}","templated":true}]}}