{"id":19329,"date":"2022-09-16T10:43:27","date_gmt":"2022-09-16T10:43:27","guid":{"rendered":"https:\/\/neutrale.al\/?p=19329"},"modified":"2022-09-16T10:43:27","modified_gmt":"2022-09-16T10:43:27","slug":"mariglend-doci-kandidat-per-kryetar-i-forumit-rinor-te-pd-se-kush-eshte-mariglendi","status":"publish","type":"post","link":"https:\/\/neutrale.al\/index.php\/2022\/09\/16\/mariglend-doci-kandidat-per-kryetar-i-forumit-rinor-te-pd-se-kush-eshte-mariglendi\/","title":{"rendered":"Mariglend Do\u00e7i kandidat p\u00ebr kryetar i Forumit Rinor t\u00eb PD-s\u00eb. Kush \u00ebsht\u00eb Mariglendi ?"},"content":{"rendered":"<p>Ja vet\u00ebprezantimi i tij:<\/p>\n<p>Un\u00eb jam Mariglend Do\u00e7i, kam lindur m\u00eb 7 korrik 1995, n\u00eb Mamurras, dhe pse prejardhja e t\u00eb par\u00ebve t\u00eb mi \u00ebsht\u00eb nga Macukull-Mat.<br \/>\nU rrita n\u00eb nj\u00eb familje me kontribut t\u00eb madh p\u00ebr demokracin\u00eb n\u00eb Shqip\u00ebri, ku me skalit\u00ebn n\u00eb mosh\u00eb fare t\u00eb vog\u00ebl dashurin\u00eb p\u00ebr Partin\u00eb Demokratike dhe mbi t\u00eb gjitha dashurin\u00eb p\u00ebr vendin tim.<br \/>\nDuke u rritur e duke u shkolluar, nj\u00ebherazi edhe duke qene pjese e pandare e familjes demokrate e duke dh\u00ebn\u00eb gjithmon\u00eb at\u00eb q\u00eb e mendoj m\u00eb t\u00eb vyer\u00ebn, atdhedashurin\u00eb time, patriotizmin tim!<br \/>\nKam refuzuar mund\u00ebsi pafund p\u00ebr tu larguar nga Shqip\u00ebria, sepse kisha frik\u00eb se po t\u00eb ikja nuk do t\u00eb kthehesha dot m\u00eb, dhe vet\u00ebm duke e menduar jet\u00ebn larg Shqip\u00ebris\u00eb, m\u00eb vret shum\u00eb dhe ndihem keq. Ndaj zgjodha t\u00eb arsimohem k\u00ebtu, t\u00eb jem nj\u00eb qytetar aktiv k\u00ebtu, dhe t\u00eb b\u00ebj gjith\u00e7ka mundem k\u00ebtu, n\u00eb Shqip\u00ebri, p\u00ebr Shqip\u00ebrin\u00eb.<\/p>\n<p>Kam mbaruar studimet bachelor p\u00ebr Shkenca politike-administrative dhe master shkencor p\u00ebr Administrat\u00eb publike.<br \/>\nKam punuar n\u00eb bashkin\u00eb e qytetit t\u00eb Lezh\u00ebs, n\u00eb zyr\u00ebn e kultur\u00ebs.<br \/>\nKam patur eksperienca menaxheriale t\u00eb cilat kan\u00eb rezultuar t\u00eb suksesshme, si menaxher i &#8220;Elite Group&#8221;, Palas\u00eb,etj etj.<br \/>\nS\u00eb fundmi angazhohem n\u00eb fush\u00ebn e biznesit familjar.<\/p>\n<p>Angazhimi im politik ka nisur q\u00eb n\u00eb mosh\u00eb t\u00eb vog\u00ebl, ku kam marr\u00eb pjes\u00eb kudo dhe kurdo n\u00eb \u00e7do aktivitet politik t\u00eb qarkut tim, por edhe n\u00eb qytetin e Tiran\u00ebs.<br \/>\nN\u00eb vitin 2016 jam zgjedhur kryetar i FRPD Mamurras.<br \/>\nN\u00eb vitin 2019 zgjidhem an\u00ebtar i kryesis\u00eb s\u00eb Forumit Rinor t\u00eb Partis\u00eb Demokratike s\u00eb Shqip\u00ebris\u00eb.<br \/>\nS\u00eb fundmi jam i zgjedhur edhe si an\u00ebtar i K\u00ebshillit Komb\u00ebtar t\u00eb PDSH-s\u00eb.<br \/>\nN\u00eb qoft\u00eb se do t\u00eb m\u00eb duhej t\u00eb listoja t\u00eb gjith\u00eb aktivitetin tim politik, nuk do t\u00eb mjaftonte nj\u00eb let\u00ebr e shkurt\u00ebr jet\u00ebshkrimi. Por do doja t\u00eb p\u00ebrmendja vet\u00ebm disa prej tyre si:<br \/>\n-Mbrojtja e kufirit detar<br \/>\n-Open Ballkan<br \/>\n-Aleanca p\u00ebr mbrojtjen e Butrintit etj&#8230;<br \/>\nT\u00eb gjitha k\u00ebto, vet\u00ebm m\u00eb bejn\u00eb q\u00eb t\u00eb punoj akoma me shum\u00eb p\u00ebr familjen time t\u00eb madhe , Partin\u00eb Demokratike.<br \/>\nKauzat e saj kan\u00eb qene gjithmon\u00eb kauzat e Shqip\u00ebris\u00eb dhe t\u00eb Shqiptar\u00ebve!<\/p>\n<p>S\u00eb fundmi angazhohem me kandidatur\u00ebn time, p\u00ebr kryetarin e Forumit Rinor t\u00eb Partis\u00eb Demokratike, t\u00eb cilin nuk e synoj as p\u00ebr post partiak e as p\u00ebr karrige qeveritare, por p\u00ebr ta kthyer forumin n\u00eb sht\u00ebpiz\u00ebn e dyt\u00eb brenda PD-s\u00eb, ku t\u00eb rinjt\u00eb t\u00eb gjejn\u00eb hapsirat dhe mund\u00ebsit\u00eb e munguara!<br \/>\nUn\u00eb jam nj\u00eb i ri si ata, vet\u00ebm k\u00ebrkoj nj\u00eb mund\u00ebsi si ata, p\u00ebr t\u00eb b\u00ebr\u00eb akoma m\u00eb shum\u00eb, dhe vet\u00ebm p\u00ebr ata&#8230;p\u00ebr t\u00eb rinjt\u00eb e Shqip\u00ebris\u00eb, t\u00eb cil\u00ebt do ta kene gjithmon\u00eb nj\u00eb mund\u00ebsi dhe nj\u00eb der\u00eb t\u00eb hapur n\u00eb forumin ton\u00eb!<\/p>\n<p>FORUMI NA BASHKON!<br \/>\n\u2026.nj\u00eb mund\u00ebsi p\u00ebr t\u00eb gjith\u00eb!                           \u270c\ufe0f<\/p>\n","protected":false},"excerpt":{"rendered":"<p>Ja vet\u00ebprezantimi i tij: Un\u00eb jam Mariglend Do\u00e7i, kam lindur m\u00eb 7 korrik 1995, n\u00eb Mamurras, dhe pse prejardhja e t\u00eb par\u00ebve t\u00eb mi \u00ebsht\u00eb nga Macukull-Mat. U rrita n\u00eb nj\u00eb familje me kontribut t\u00eb madh p\u00ebr demokracin\u00eb n\u00eb Shqip\u00ebri, ku me skalit\u00ebn n\u00eb mosh\u00eb fare t\u00eb vog\u00ebl dashurin\u00eb p\u00ebr Partin\u00eb Demokratike dhe mbi t\u00eb [&hellip;]<\/p>\n","protected":false},"author":2,"featured_media":19330,"comment_status":"open","ping_status":"open","sticky":false,"template":"","format":"standard","meta":{"footnotes":""},"categories":[9],"tags":[],"class_list":{"0":"post-19329","1":"post","2":"type-post","3":"status-publish","4":"format-standard","5":"has-post-thumbnail","7":"category-politika"},"_links":{"self":[{"href":"https:\/\/neutrale.al\/index.php\/wp-json\/wp\/v2\/posts\/19329","targetHints":{"allow":["GET"]}}],"collection":[{"href":"https:\/\/neutrale.al\/index.php\/wp-json\/wp\/v2\/posts"}],"about":[{"href":"https:\/\/neutrale.al\/index.php\/wp-json\/wp\/v2\/types\/post"}],"author":[{"embeddable":true,"href":"https:\/\/neutrale.al\/index.php\/wp-json\/wp\/v2\/users\/2"}],"replies":[{"embeddable":true,"href":"https:\/\/neutrale.al\/index.php\/wp-json\/wp\/v2\/comments?post=19329"}],"version-history":[{"count":1,"href":"https:\/\/neutrale.al\/index.php\/wp-json\/wp\/v2\/posts\/19329\/revisions"}],"predecessor-version":[{"id":19331,"href":"https:\/\/neutrale.al\/index.php\/wp-json\/wp\/v2\/posts\/19329\/revisions\/19331"}],"wp:featuredmedia":[{"embeddable":true,"href":"https:\/\/neutrale.al\/index.php\/wp-json\/wp\/v2\/media\/19330"}],"wp:attachment":[{"href":"https:\/\/neutrale.al\/index.php\/wp-json\/wp\/v2\/media?parent=19329"}],"wp:term":[{"taxonomy":"category","embeddable":true,"href":"https:\/\/neutrale.al\/index.php\/wp-json\/wp\/v2\/categories?post=19329"},{"taxonomy":"post_tag","embeddable":true,"href":"https:\/\/neutrale.al\/index.php\/wp-json\/wp\/v2\/tags?post=19329"}],"curies":[{"name":"wp","href":"https:\/\/api.w.org\/{rel}","templated":true}]}}